{"id":524984,"date":"2025-11-10T13:37:12","date_gmt":"2025-11-10T13:37:12","guid":{"rendered":"https:\/\/www.europesays.com\/fr\/524984\/"},"modified":"2025-11-10T13:37:12","modified_gmt":"2025-11-10T13:37:12","slug":"deux-passants-blesses-dans-une-agression-au-couteau-dans-le-8e-arrondissement","status":"publish","type":"post","link":"https:\/\/www.europesays.com\/fr\/524984\/","title":{"rendered":"deux passants bless\u00e9s dans une agression au couteau dans le 8e arrondissement"},"content":{"rendered":"<p>\n    L\u2019une des personnes bless\u00e9es \u00e9tait un policier en civil. On ignore pour l\u2019heure les raisons du passage \u00e0 l\u2019acte.<\/p>\n<p class=\"fig-paragraph\">Une violente agression \u00e0 l\u2019arme blanche pour l\u2019heure inexpliqu\u00e9e. Dimanche soir, un individu a port\u00e9\u00a0<a href=\"https:\/\/www.lefigaro.fr\/actualite-france\/plus-de-120-agressions-a-l-arme-blanche-ont-lieu-chaque-jour-en-france-20200216\" data-fig-type=\"Article\" data-gtm-custom-categorie=\"navigation\" data-gtm-custom-action=\"crossclick\" data-gtm-custom-label=\"Contextuel\" data-gtm-event=\"customEventSPE\" data-fig-domain=\"LEFIGARO\" rel=\"nofollow noopener\" target=\"_blank\">des coups de couteau<\/a>\u00a0\u00e0 deux passants, dans le 8e arrondissement de Paris, indiquent des sources concordantes au Figaro, confirmant les informations de\u00a0<a href=\"https:\/\/www.valeursactuelles.com\/faits-divers\/info-va-paris-deux-blesses-dans-une-attaque-au-couteau-un-suspect-interpelle\" target=\"_blank\" rel=\"sponsored noopener nofollow\" data-gtm-custom-categorie=\"navigation\" data-gtm-custom-action=\"crossclick\" data-gtm-custom-label=\"Contextuel\" data-gtm-event=\"customEventSPE\">Valeurs Actuelles<\/a> . L\u2019homme a \u00e9t\u00e9 interpell\u00e9 et plac\u00e9 en garde \u00e0 vue.<\/p>\n<p class=\"fig-paragraph\">Les faits se sont d\u00e9roul\u00e9s rue Fran\u00e7ois 1er, aux alentours de 21h30. Un individu a brusquement port\u00e9 un coup de couteau au niveau de la bouche d\u2019un passant, sans raison apparente, puis \u00aba continu\u00e9 sa progression\u00bb, pr\u00e9cise une source polici\u00e8re. Un policier en civil a tent\u00e9 de le ma\u00eetriser, \u00abapr\u00e8s avoir \u00e9nonc\u00e9 sa qualit\u00e9\u00bb, pr\u00e9cise de son c\u00f4t\u00e9 le parquet de Paris. Mais le mis en cause \u00aba alors tent\u00e9 de le poignarder \u00e0 plusieurs reprises.\u00bb<\/p>\n<p>                                    <a class=\"fig-a11y-skip a11y-hidden\" href=\"#fig-a11y-skip-main-inarticle\"><br \/>\n        Passer la publicit\u00e9<br \/>\n    <\/a><\/p>\n<p>Un couteau avec \u00abune lame d\u2019environ 15 \u00e0 20 cm\u00bb<\/p>\n<p class=\"fig-paragraph\">Des effectifs de la BAC arriv\u00e9s sur place ont finalement proc\u00e9d\u00e9 \u00e0 son arrestation puis \u00e0 son placement en garde \u00e0 vue. Lors de la fouille, un couteau avec \u00abune lame d\u2019environ 15 \u00e0 20 cm\u00bb a \u00e9t\u00e9 retrouv\u00e9 sur lui, nous indique notre source police. Selon le site\u00a0<a href=\"https:\/\/actu17.fr\/faits-divers\/paris-deux-passants-blesses-a-larme-blanche-au-visage-un-homme-interpelle.html\" target=\"_blank\" rel=\"sponsored noopener nofollow\" data-gtm-custom-categorie=\"navigation\" data-gtm-custom-action=\"crossclick\" data-gtm-custom-label=\"Contextuel\" data-gtm-event=\"customEventSPE\">Actu17<\/a>\u00a0, l\u2019int\u00e9ress\u00e9 aurait affirm\u00e9 aux policiers qu\u2019il \u00e9tait \u00able Joker\u00bb, faisant r\u00e9f\u00e9rence au film Batman.<\/p>\n<p class=\"fig-paragraph\">Le mis en cause est un homme de 31 ans originaire de Guadeloupe, d\u00e9j\u00e0 connu de la justice pour des affaires de violence. Sa garde \u00e0 vue peut durer jusqu\u2019\u00e0 48 heures. L\u2019enqu\u00eate pour \u00abtentative de meurtre\u00bb et \u00abtentative de meurtre sur personne d\u00e9positaire de l\u2019autorit\u00e9 publique\u00bb ouverte par le parquet de Paris a \u00e9t\u00e9 confi\u00e9e au 1er district de police judiciaire.<\/p>\n<p class=\"fig-paragraph\">Les enqu\u00eateurs devront notamment comprendre les raisons de son passage \u00e0 l\u2019acte. Les deux personnes bless\u00e9es, dont le pronostic vital n\u2019a pas \u00e9t\u00e9 engag\u00e9, sont depuis sorties de l\u2019h\u00f4pital.<\/p>\n","protected":false},"excerpt":{"rendered":"L\u2019une des personnes bless\u00e9es \u00e9tait un policier en civil. On ignore pour l\u2019heure les raisons du passage \u00e0&hellip;\n","protected":false},"author":2,"featured_media":524985,"comment_status":"","ping_status":"","sticky":false,"template":"","format":"standard","meta":{"footnotes":""},"categories":[1888],"tags":[11,1120,1777,674,1011,27,12,626,25],"class_list":{"0":"post-524984","1":"post","2":"type-post","3":"status-publish","4":"format-standard","5":"has-post-thumbnail","7":"category-paris","8":"tag-actualites","9":"tag-agression","10":"tag-eu","11":"tag-europe","12":"tag-fr","13":"tag-france","14":"tag-news","15":"tag-paris","16":"tag-republique-francaise"},"share_on_mastodon":{"url":"https:\/\/pubeurope.com\/@fr\/115525677504340228","error":""},"_links":{"self":[{"href":"https:\/\/www.europesays.com\/fr\/wp-json\/wp\/v2\/posts\/524984","targetHints":{"allow":["GET"]}}],"collection":[{"href":"https:\/\/www.europesays.com\/fr\/wp-json\/wp\/v2\/posts"}],"about":[{"href":"https:\/\/www.europesays.com\/fr\/wp-json\/wp\/v2\/types\/post"}],"author":[{"embeddable":true,"href":"https:\/\/www.europesays.com\/fr\/wp-json\/wp\/v2\/users\/2"}],"replies":[{"embeddable":true,"href":"https:\/\/www.europesays.com\/fr\/wp-json\/wp\/v2\/comments?post=524984"}],"version-history":[{"count":0,"href":"https:\/\/www.europesays.com\/fr\/wp-json\/wp\/v2\/posts\/524984\/revisions"}],"wp:featuredmedia":[{"embeddable":true,"href":"https:\/\/www.europesays.com\/fr\/wp-json\/wp\/v2\/media\/524985"}],"wp:attachment":[{"href":"https:\/\/www.europesays.com\/fr\/wp-json\/wp\/v2\/media?parent=524984"}],"wp:term":[{"taxonomy":"category","embeddable":true,"href":"https:\/\/www.europesays.com\/fr\/wp-json\/wp\/v2\/categories?post=524984"},{"taxonomy":"post_tag","embeddable":true,"href":"https:\/\/www.europesays.com\/fr\/wp-json\/wp\/v2\/tags?post=524984"}],"curies":[{"name":"wp","href":"https:\/\/api.w.org\/{rel}","templated":true}]}}