{"id":524986,"date":"2025-11-10T13:38:16","date_gmt":"2025-11-10T13:38:16","guid":{"rendered":"https:\/\/www.europesays.com\/fr\/524986\/"},"modified":"2025-11-10T13:38:16","modified_gmt":"2025-11-10T13:38:16","slug":"russie-le-kremlin-assure-que-tout-va-bien-avec-sergueilavrov","status":"publish","type":"post","link":"https:\/\/www.europesays.com\/fr\/524986\/","title":{"rendered":"Russie: Le Kremlin assure que \u00abtout va bien\u00bb avec Sergue\u00efLavrov"},"content":{"rendered":"<p>Publi\u00e910. novembre 2025, 14:13<\/p>\n<p>Russie: Le Kremlin assure que \u00abtout va bien\u00bb avec Sergue\u00efLavrov<\/p>\n<p>Son absence prolong\u00e9e de l\u2019espace public alimente les rumeurs sur une \u00e9ventuelle disgr\u00e2ce du chef de la diplomatie russe.<\/p>\n<p><img loading=\"lazy\" decoding=\"async\" src=\"https:\/\/www.europesays.com\/fr\/wp-content\/uploads\/2025\/11\/8c9720b7-77c3-4d6d-b2fe-9698f8337548.webp\" alt=\"Y aurait-il de l'eau dans le gaz pour Sergue\u00ef Lavrov, au Kremlin?\" title=\"Y aurait-il de l'eau dans le gaz pour Sergue\u00ef Lavrov, au Kremlin?\"  width=\"1200\" height=\"675\"\/><\/p>\n<p>Y aurait-il de l&rsquo;eau dans le gaz pour Sergue\u00ef Lavrov, au Kremlin?<\/p>\n<p>AFP<\/p>\n<p>Le Kremlin a assur\u00e9 lundi que \u00abtout allait bien\u00bb avec Sergue\u00ef Lavrov qui \u00abcontinue de travailler activement\u00bb, alors que son absence prolong\u00e9e de l\u2019espace public alimente les rumeurs sur une \u00e9ventuelle disgr\u00e2ce du chef de la diplomatie russe.<\/p>\n<p>Les sp\u00e9culations vont bon train dans plusieurs m\u00e9dias \u00e9trangers sur le sort de M. Lavrov, dont la derni\u00e8re apparition publique remonte \u00e0 fin octobre, certains avan\u00e7ant l\u2019hypoth\u00e8se d\u2019une disgr\u00e2ce apr\u00e8s son r\u00e9cent \u00e9chec \u00e0 se mettre d\u2019accord avec son homologue am\u00e9ricain, Marco Rubio, sur les modalit\u00e9s du sommet Poutine-Trump \u00e0 Budapest, report\u00e9 sine die.<\/p>\n<p>Ces derniers jours, seules des adresses \u00e9crites ou des interviews vid\u00e9o de M. Lavrov ont \u00e9t\u00e9 publi\u00e9es sur le site de la diplomatie russe, et sa porte-parole, Maria Zakharova, n\u2019a fait aucune annonce sur son agenda public lors de son point de presse hebdomadaire vendredi dernier.<\/p>\n<p>\u00abVous allez voir le ministre\u00bb<\/p>\n<p>\u00abSergue\u00ef Viktorovitch Lavrov continue de travailler, travailler activement\u00bb, a pour sa part affirm\u00e9 lundi le porte-parole du Kremlin, Dmitri Peskov, lors de son briefing quotidien auquel participe l\u2019AFP. \u00abTout va bien\u00bb, a-t-il assur\u00e9, en qualifiant d&rsquo;\u00ababsolument fausses\u00bb les sp\u00e9culations de certains m\u00e9dias sur une \u00e9ventuelle disgr\u00e2ce de M. Lavrov. \u00abLorsqu\u2019il y aura des \u00e9v\u00e8nements publics, vous allez voir le ministre\u00bb, a-t-il promis.<\/p>\n<p>Fin octobre, le pr\u00e9sident am\u00e9ricain, Donald Trump, qui avait promis de mettre fin rapidement au conflit entre la Russie et l\u2019Ukraine \u00e0 son retour \u00e0 la Maison-Blanche en janvier, a report\u00e9 sine die un projet de rencontre avec son homologue russe, Vladimir Poutine, \u00e0 Budapest, quelques jours seulement apr\u00e8s qu\u2019elle a \u00e9t\u00e9 annonc\u00e9e. Il a expliqu\u00e9 ne pas vouloir de discussions \u00abpour rien\u00bb, et les \u00c9tats-Unis ont impos\u00e9 le lendemain de nouvelles sanctions sur les hydrocarbures russes.<\/p>\n<p>La d\u00e9claration de M. Trump est intervenue quelques heures apr\u00e8s un entretien t\u00e9l\u00e9phonique entre Sergue\u00ef Lavrov et Marco Rubio, charg\u00e9s d\u2019\u00e9voquer les modalit\u00e9s du sommet alors envisag\u00e9 \u00e0 Budapest.<\/p>\n<p>(afp)<\/p>\n","protected":false},"excerpt":{"rendered":"Publi\u00e910. novembre 2025, 14:13 Russie: Le Kremlin assure que \u00abtout va bien\u00bb avec Sergue\u00efLavrov Son absence prolong\u00e9e de&hellip;\n","protected":false},"author":2,"featured_media":524987,"comment_status":"","ping_status":"","sticky":false,"template":"","format":"standard","meta":{"footnotes":""},"categories":[1591],"tags":[11,1887,12,1885,1886,132],"class_list":{"0":"post-524986","1":"post","2":"type-post","3":"status-publish","4":"format-standard","5":"has-post-thumbnail","7":"category-russie","8":"tag-actualites","9":"tag-federation-de-russie","10":"tag-news","11":"tag-russia","12":"tag-russian-federation","13":"tag-russie"},"share_on_mastodon":{"url":"https:\/\/pubeurope.com\/@fr\/115525682647537381","error":""},"_links":{"self":[{"href":"https:\/\/www.europesays.com\/fr\/wp-json\/wp\/v2\/posts\/524986","targetHints":{"allow":["GET"]}}],"collection":[{"href":"https:\/\/www.europesays.com\/fr\/wp-json\/wp\/v2\/posts"}],"about":[{"href":"https:\/\/www.europesays.com\/fr\/wp-json\/wp\/v2\/types\/post"}],"author":[{"embeddable":true,"href":"https:\/\/www.europesays.com\/fr\/wp-json\/wp\/v2\/users\/2"}],"replies":[{"embeddable":true,"href":"https:\/\/www.europesays.com\/fr\/wp-json\/wp\/v2\/comments?post=524986"}],"version-history":[{"count":0,"href":"https:\/\/www.europesays.com\/fr\/wp-json\/wp\/v2\/posts\/524986\/revisions"}],"wp:featuredmedia":[{"embeddable":true,"href":"https:\/\/www.europesays.com\/fr\/wp-json\/wp\/v2\/media\/524987"}],"wp:attachment":[{"href":"https:\/\/www.europesays.com\/fr\/wp-json\/wp\/v2\/media?parent=524986"}],"wp:term":[{"taxonomy":"category","embeddable":true,"href":"https:\/\/www.europesays.com\/fr\/wp-json\/wp\/v2\/categories?post=524986"},{"taxonomy":"post_tag","embeddable":true,"href":"https:\/\/www.europesays.com\/fr\/wp-json\/wp\/v2\/tags?post=524986"}],"curies":[{"name":"wp","href":"https:\/\/api.w.org\/{rel}","templated":true}]}}