{"id":524988,"date":"2025-11-10T13:39:12","date_gmt":"2025-11-10T13:39:12","guid":{"rendered":"https:\/\/www.europesays.com\/fr\/524988\/"},"modified":"2025-11-10T13:39:12","modified_gmt":"2025-11-10T13:39:12","slug":"guerre-en-ukraine-kyiv-souhaite-acheter-25-systemes-de-defense-aerienne-patriot-aux-etats-unis","status":"publish","type":"post","link":"https:\/\/www.europesays.com\/fr\/524988\/","title":{"rendered":"Guerre en Ukraine : Kyiv souhaite acheter 25 syst\u00e8mes de d\u00e9fense a\u00e9rienne Patriot aux \u00c9tats-Unis"},"content":{"rendered":"<p>Le pr\u00e9sident ukrainien Volodymyr Zelensky a annonc\u00e9 lundi qu&rsquo;il souhaitait commander 25 syst\u00e8mes de d\u00e9fense a\u00e9rienne Patriot aux \u00c9tats-Unis, alors que Kyiv s&rsquo;efforce de repousser les attaques russes incessantes sur son infrastructure \u00e9nerg\u00e9tique \u00e0 la veille de l&rsquo;hiver.<\/p>\n<p>Le dirigeant ukrainien souligne que les syst\u00e8mes Patriot sont co\u00fbteux et que la fabrication d&rsquo;un lot aussi important pourrait prendre des ann\u00e9es. En attendant, il exhorte les pays europ\u00e9ens \u00e0 pr\u00eater leurs Patriot \u00e0 Kyiv, estimant que l&rsquo;Ukraine ne \u00ab\u00a0peut pas attendre\u00a0\u00bb.<\/p>\n<p>\u00ab\u00a0Nous voulons commander 25 syst\u00e8mes Patriot aux \u00c9tats-Unis. Pour nous, il s&rsquo;agit d&rsquo;un budget clair, et nous comprenons la port\u00e9e financi\u00e8re ; cependant, certains \u00e9l\u00e9ments manquent dans l&rsquo;accord\u00a0\u00bb, d\u00e9clare Volodymyr Zelensky dans un message sur X.<\/p>\n<p>\u00ab\u00a0Les coll\u00e8gues europ\u00e9ens peuvent nous aider \u00e0 cet \u00e9gard : ils peuvent nous pr\u00eater leurs syst\u00e8mes maintenant et reprendre les n\u00f4tres une fois qu&rsquo;ils arriveront des fabricants\u00a0\u00bb.<\/p>\n<p>\u00ab\u00a0Nous comprenons qu&rsquo;il s&rsquo;agit de notre vuln\u00e9rabilit\u00e9\u00a0\u00bb<\/p>\n<p>Volodymyr Zelensky a d\u00e9clar\u00e9 la semaine derni\u00e8re que l&rsquo;Ukraine avait <a href=\"https:\/\/fr.euronews.com\/2025\/11\/03\/lallemagne-fournit-de-nouveaux-systemes-de-defense-aerienne-patriot-a-lukraine\" target=\"_blank\" rel=\"noopener\"><strong>re\u00e7u de nouveaux syst\u00e8mes Patriot de la part de l&rsquo;Allemagne<\/strong><\/a>.<\/p>\n<p>Berlin a donn\u00e9 son accord \u00e0 cette transaction apr\u00e8s avoir obtenu l&rsquo;assurance que les \u00c9tats-Unis donneraient la priorit\u00e9 \u00e0 la livraison de nouveaux Patriot \u00e0 l&rsquo;Allemagne afin de reconstituer ses stocks.<\/p>\n<p>L&rsquo;Allemagne a fourni \u00e0 l&rsquo;Ukraine plus de syst\u00e8mes Patriot provenant de ses propres forces arm\u00e9es que n&rsquo;importe quel autre pays, a soulign\u00e9 le minist\u00e8re allemand de la D\u00e9fense, Boris Pistorius.<\/p>\n<p>Berlin a \u00e9galement fourni des syst\u00e8mes de d\u00e9fense a\u00e9rienne de diff\u00e9rentes port\u00e9es, tels que IRIS-T et Skynex.<\/p>\n<p>On ignore combien de Patriots se trouvent actuellement en Ukraine, mais les d\u00e9fenses a\u00e9riennes restent limit\u00e9es sur de vastes \u00e9tendues du territoire ukrainien, et la menace qui p\u00e8se sur l&rsquo;approvisionnement en chauffage et en eau courante en cet hiver glacial est s\u00e9v\u00e8re.<\/p>\n<p>\u00ab\u00a0Nous parlons de fermer le ciel depuis le premier jour de cette guerre. Nous comprenons qu&rsquo;il s&rsquo;agit de notre vuln\u00e9rabilit\u00e9\u00a0\u00bb, indique Volodymyr Zelensky. \u00ab\u00a0Et nous nous rendons compte que Poutine dispose d&rsquo;un tr\u00e8s grand nombre de missiles, alors que nous n&rsquo;avions que tr\u00e8s peu de syst\u00e8mes de d\u00e9fense a\u00e9rienne et qu&rsquo;il ne restait qu&rsquo;un petit stock de missiles de l&rsquo;\u00e8re sovi\u00e9tique\u00a0\u00bb.<\/p>\n<p>\u00ab\u00a0Ces syst\u00e8mes ne constituaient en rien un bouclier. N\u00e9anmoins, nous avons construit la d\u00e9fense a\u00e9rienne que nous pouvions et nous continuons \u00e0 la d\u00e9velopper\u00a0\u00bb, poursuit-il.<\/p>\n<p>Les alli\u00e9s europ\u00e9ens et le Canada ach\u00e8tent actuellement une grande partie de l&rsquo;\u00e9quipement militaire aux \u00c9tats-Unis, qu&rsquo;ils transf\u00e8rent ensuite \u00e0 Kyiv. L&rsquo;administration Trump ne donne aucune arme \u00e0 l&rsquo;Ukraine, contrairement au gouvernement pr\u00e9c\u00e9dent de Joe Biden.<\/p>\n<p>Frappes contre le r\u00e9seau \u00e9nerg\u00e9tique et pouss\u00e9e russe sur Pokrovsk<\/p>\n<p>Les attaques de la Russie contre les infrastructures \u00e9nerg\u00e9tiques <a href=\"https:\/\/fr.euronews.com\/2025\/11\/08\/ukraine-nouvelle-attaque-massive-russe-contre-les-infrastructures-energetiques\" target=\"_blank\" rel=\"noopener\"><strong>se sont multipli\u00e9es ces derni\u00e8res semaines<\/strong><\/a>, submergeant les d\u00e9fenses a\u00e9riennes de l&rsquo;Ukraine, en particulier dans les r\u00e9gions o\u00f9 la protection est plus faible.<\/p>\n<p>En outre, cette ann\u00e9e, Moscou a chang\u00e9 de strat\u00e9gie et frappe d\u00e9sormais r\u00e9gion par r\u00e9gion, en s&rsquo;attaquant aux postes de commutation et aux sous-stations locales, au lieu de s&rsquo;en prendre au r\u00e9seau national centralis\u00e9.<\/p>\n<p>Le minist\u00e8re ukrainien de l&rsquo;\u00c9nergie a d\u00e9clar\u00e9 lundi que les attaques russes avaient caus\u00e9 de nouveaux d\u00e9g\u00e2ts \u00e0 l&rsquo;infrastructure \u00e9lectrique, entra\u00eenant des coupures de courant programm\u00e9es dans la plupart des r\u00e9gions du pays.<\/p>\n<p>Il a exhort\u00e9 les Ukrainiens \u00e0 rationaliser leur consommation d&rsquo;\u00e9lectricit\u00e9, en particulier pendant les heures de pointe du matin et du soir.<\/p>\n<p>Les frappes combin\u00e9es de missiles et de drones sur le r\u00e9seau \u00e9lectrique ukrainien surviennent alors que Kyiv s&rsquo;efforce de contenir la pouss\u00e9e russe sur le champ de bataille visant \u00e0 capturer le bastion de Pokrovsk, dans l&rsquo;est du pays.<\/p>\n<p>Selon Volodymyr Zelensky,<a href=\"https:\/\/fr.euronews.com\/2025\/10\/31\/la-russie-deploie-170-000-soldats-pour-lancer-une-offensive-sur-pokrovsk-selon-zelensky\" target=\"_blank\" rel=\"noopener\"> <strong>la Russie a rassembl\u00e9 170 000 soldats<\/strong><\/a> en vue d&rsquo;une nouvelle avanc\u00e9e dans cette ville strat\u00e9gique.<\/p>\n<p>Les combats ont connu une relative accalmie ces derniers jours, selon les rapports recueillis par l&rsquo;Institute for the Study of War (Institut pour l&rsquo;\u00e9tude de la guerre).<\/p>\n<p>Toutefois, le groupe de r\u00e9flexion bas\u00e9 \u00e0 Washington s&rsquo;attend \u00e0 ce que les forces russes acc\u00e9l\u00e8rent le rythme de leurs attaques dans les jours \u00e0 venir, \u00e0 mesure qu&rsquo;elles d\u00e9placent davantage de troupes dans la ville.<\/p>\n","protected":false},"excerpt":{"rendered":"Le pr\u00e9sident ukrainien Volodymyr Zelensky a annonc\u00e9 lundi qu&rsquo;il souhaitait commander 25 syst\u00e8mes de d\u00e9fense a\u00e9rienne Patriot aux&hellip;\n","protected":false},"author":2,"featured_media":524989,"comment_status":"","ping_status":"","sticky":false,"template":"","format":"standard","meta":{"footnotes":""},"categories":[1590],"tags":[11,1777,674,131,2025,12,132,220,134],"class_list":{"0":"post-524988","1":"post","2":"type-post","3":"status-publish","4":"format-standard","5":"has-post-thumbnail","7":"category-ukraine","8":"tag-actualites","9":"tag-eu","10":"tag-europe","11":"tag-guerre-en-ukraine","12":"tag-invasion-de-la-russie-en-ukraine","13":"tag-news","14":"tag-russie","15":"tag-ukraine","16":"tag-volodymyr-zelensky"},"share_on_mastodon":{"url":"https:\/\/pubeurope.com\/@fr\/115525685528505605","error":""},"_links":{"self":[{"href":"https:\/\/www.europesays.com\/fr\/wp-json\/wp\/v2\/posts\/524988","targetHints":{"allow":["GET"]}}],"collection":[{"href":"https:\/\/www.europesays.com\/fr\/wp-json\/wp\/v2\/posts"}],"about":[{"href":"https:\/\/www.europesays.com\/fr\/wp-json\/wp\/v2\/types\/post"}],"author":[{"embeddable":true,"href":"https:\/\/www.europesays.com\/fr\/wp-json\/wp\/v2\/users\/2"}],"replies":[{"embeddable":true,"href":"https:\/\/www.europesays.com\/fr\/wp-json\/wp\/v2\/comments?post=524988"}],"version-history":[{"count":0,"href":"https:\/\/www.europesays.com\/fr\/wp-json\/wp\/v2\/posts\/524988\/revisions"}],"wp:featuredmedia":[{"embeddable":true,"href":"https:\/\/www.europesays.com\/fr\/wp-json\/wp\/v2\/media\/524989"}],"wp:attachment":[{"href":"https:\/\/www.europesays.com\/fr\/wp-json\/wp\/v2\/media?parent=524988"}],"wp:term":[{"taxonomy":"category","embeddable":true,"href":"https:\/\/www.europesays.com\/fr\/wp-json\/wp\/v2\/categories?post=524988"},{"taxonomy":"post_tag","embeddable":true,"href":"https:\/\/www.europesays.com\/fr\/wp-json\/wp\/v2\/tags?post=524988"}],"curies":[{"name":"wp","href":"https:\/\/api.w.org\/{rel}","templated":true}]}}