{"id":524990,"date":"2025-11-10T13:40:13","date_gmt":"2025-11-10T13:40:13","guid":{"rendered":"https:\/\/www.europesays.com\/fr\/524990\/"},"modified":"2025-11-10T13:40:13","modified_gmt":"2025-11-10T13:40:13","slug":"un-avion-de-chasse-sans-pilote-inedit-en-course-contre-la-chine-les-etats-unis-testent-en-vol-le-fury","status":"publish","type":"post","link":"https:\/\/www.europesays.com\/fr\/524990\/","title":{"rendered":"Un avion de chasse sans pilote in\u00e9dit\u00a0: \u00ab\u00a0En course contre la Chine\u00a0\u00bb, les \u00c9tats-Unis testent en vol le \u00ab\u00a0Fury\u00a0\u00bb"},"content":{"rendered":"<p class=\"paragraph text_align_left lp-f-body-02\">Il fonctionne de mani\u00e8re autonome, ex\u00e9cute ses missions, ajuste sa trajectoire et <a href=\"\" rel=\"\">revient se poser sans aucune intervention<\/a> humaine. <a href=\"https:\/\/www.leparisien.fr\/video\/video-drones-de-combat-la-fin-annoncee-des-pilotes-de-chasse-04-10-2025-AQIWIG445FEVVOEYGACQWDLIDI.php\" target=\"_blank\" rel=\"nofollow noopener\">L\u2019avion de chasse sans pilote \u00ab Fury \u00bb<\/a> a effectu\u00e9 fin octobre son premier vol inaugural.<\/p>\n<p class=\"paragraph text_align_left lp-f-body-02\">Cette annonce, r\u00e9v\u00e9l\u00e9e par l\u2019\u00e9mission am\u00e9ricaine 60 minutes, est le symbole de la volont\u00e9 de l\u2019arm\u00e9e am\u00e9ricaine d\u2019avancer sur <a href=\"https:\/\/www.leparisien.fr\/economie\/premier-essai-en-vol-dun-avion-de-chasse-sans-pilote-02-03-2021-5ANW5XEMN5G4NJI4YTNHT44FZU.php\" target=\"_blank\" rel=\"nofollow noopener\">un programme de chasseur futuriste<\/a>, sachant que le YFQ-44A, son nom officiel, a \u00e9t\u00e9 command\u00e9 par l\u2019US Air Force.<\/p>\n<p>\u00ab Un bouton d\u2019arr\u00eat d\u2019urgence \u00bb<\/p>\n<p class=\"paragraph text_align_left lp-f-body-02\">D\u00e9velopp\u00e9 par <a href=\"https:\/\/www.anduril.com\/fury\/\" target=\"_blank\" rel=\"noreferrer nofollow noopener\">la start-up de technologies de d\u00e9fense Anduril<\/a>, le \u00ab Fury \u00bb a donc connu son premier test grandeur nature en semi-autonomie. Il \u00e9tait surveill\u00e9, 100 % du temps par une personne au sol, et son vol d\u2019essai a \u00e9t\u00e9 consid\u00e9r\u00e9 comme r\u00e9ussi.<\/p>\n<p class=\"paragraph text_align_left lp-f-body-02\">Ce drone de combat est tout de m\u00eame <a href=\"https:\/\/www.leparisien.fr\/high-tech\/lintelligence-artificielle-va-t-elle-prendre-le-controle-des-avions-18-02-2023-SQMYTYXNKBBQNCIQKR2G64L6RE.php\" target=\"_self\" rel=\"nofollow noopener\">dot\u00e9 d\u2019un \u00ab bouton d\u2019arr\u00eat d\u2019urgence \u00bb<\/a> pour qu\u2019un pilote puisse prendre, \u00e0 distance, le volant. Fury requiert \u00e9galement l\u2019approbation d\u2019une personne pour les actions l\u00e9tales, comme le tir de missiles. Pour le reste, il s\u2019agit d\u2019un chasseur comme un autre.<\/p>\n<p class=\"paragraph text_align_left lp-f-body-02\">\u00ab Ces syst\u00e8mes volent en avant des avions de chasse pilot\u00e9s et sont capables de rep\u00e9rer l\u2019ennemi en premier, puis de l\u2019engager bien avant qu\u2019un avion de chasse pilot\u00e9 ne soit visible ou \u00e0 port\u00e9e, estime Brian Schimpf, PDG et cofondateur d\u2019Anduril. Il s\u2019agit donc avant tout d\u2019assurer la dissuasion en d\u00e9ployant ces syst\u00e8mes bien en avant des avions de chasse pilot\u00e9s. \u00bb<\/p>\n<p class=\"title-embed-dailymotion lp-color-text lp-f-subtitle-04\">Vid\u00e9oPour la premi\u00e8re fois, une IA prend les commandes d&rsquo;un chasseur et bat des pilotes humains<\/p>\n<p class=\"paragraph text_align_left lp-f-body-02\">Le YFQ-44A est \u00e9galement un avion de combat collaboratif (CCA), c\u2019est-\u00e0-dire, dot\u00e9 d\u2019<a href=\"https:\/\/www.leparisien.fr\/international\/etats-unis\/grok-elon-musk-va-fournir-son-ia-polemique-au-ministere-de-la-defense-americain-15-07-2025-N6ZLAE5JEFBNZOSKQUNPECL4LY.php\" target=\"_blank\" rel=\"nofollow noopener\">une intelligence artificielle lui permettant d\u2019op\u00e9rer de concert avec des avions<\/a> de chasse pilot\u00e9s.<\/p>\n<p class=\"paragraph text_align_left lp-f-body-02\">\u00ab L\u2019objectif de ces syst\u00e8mes est d\u2019\u00eatre produits en s\u00e9rie \u00bb, assure d\u00e9sormais le PDG d\u2019Anduril, potentiellement \u00e0 un co\u00fbt <a href=\"https:\/\/www.leparisien.fr\/international\/royaume-uni\/37-chasseurs-f-35-disponibles-sur-les-138-promis-a-un-prix-irrealiste-larmee-britannique-face-a-des-problemes-historiques-04-11-2025-L2QSAF6N4BCDBG56ZCVG3J3ACA.php\" target=\"_blank\" rel=\"nofollow noopener\">bien inf\u00e9rieur \u00e0 celui d\u2019un avion de chasse classique<\/a>. \u00ab Nous avons con\u00e7u presque chaque pi\u00e8ce de ce produit de mani\u00e8re qu\u2019elle puisse \u00eatre fabriqu\u00e9e dans des centaines d\u2019endroits diff\u00e9rents aux \u00c9tats-Unis par de nombreux fournisseurs diff\u00e9rents \u00bb, d\u00e9taille-t-il.<\/p>\n<p class=\"paragraph text_align_left lp-f-body-02\">Mais la start-up Anduril n\u2019est pas la seule sur le dossier. Le Pentagone a \u00e9galement confi\u00e9 le projet \u00e0 General Atomics, qui a d\u00e9j\u00e0 effectu\u00e9 deux vols d\u2019essai avec son YFQ-42A.<\/p>\n<p class=\"paragraph text_align_left lp-f-body-02\">\u00ab Je pense que nous sommes engag\u00e9s dans une course contre la Chine. Notre adversaire n\u2019est pas d\u2019autres entreprises de d\u00e9fense am\u00e9ricaine \u00bb, a rappel\u00e9 Palmer Luckey, fondateur d\u2019Anduril. Selon ce dernier, les <a href=\"https:\/\/www.leparisien.fr\/international\/etats-unis\/\" target=\"_self\" rel=\"nofollow noopener\">\u00c9tats-Unis<\/a> font face \u00e0 \u00ab un adversaire tr\u00e8s comp\u00e9tent et tr\u00e8s cr\u00e9dible \u00bb disposant d\u2019avantages significatifs dans ce domaine.<\/p>\n","protected":false},"excerpt":{"rendered":"Il fonctionne de mani\u00e8re autonome, ex\u00e9cute ses missions, ajuste sa trajectoire et revient se poser sans aucune intervention&hellip;\n","protected":false},"author":2,"featured_media":524991,"comment_status":"","ping_status":"","sticky":false,"template":"","format":"standard","meta":{"footnotes":""},"categories":[1589],"tags":[11,73,1866,14,12,1864,1865,1863,308],"class_list":{"0":"post-524990","1":"post","2":"type-post","3":"status-publish","4":"format-standard","5":"has-post-thumbnail","7":"category-etats-unis","8":"tag-actualites","9":"tag-etats-unis","10":"tag-etats-unis-damerique","11":"tag-international","12":"tag-news","13":"tag-united-states","14":"tag-united-states-of-america","15":"tag-us","16":"tag-usa"},"share_on_mastodon":{"url":"https:\/\/pubeurope.com\/@fr\/115525689348126007","error":""},"_links":{"self":[{"href":"https:\/\/www.europesays.com\/fr\/wp-json\/wp\/v2\/posts\/524990","targetHints":{"allow":["GET"]}}],"collection":[{"href":"https:\/\/www.europesays.com\/fr\/wp-json\/wp\/v2\/posts"}],"about":[{"href":"https:\/\/www.europesays.com\/fr\/wp-json\/wp\/v2\/types\/post"}],"author":[{"embeddable":true,"href":"https:\/\/www.europesays.com\/fr\/wp-json\/wp\/v2\/users\/2"}],"replies":[{"embeddable":true,"href":"https:\/\/www.europesays.com\/fr\/wp-json\/wp\/v2\/comments?post=524990"}],"version-history":[{"count":0,"href":"https:\/\/www.europesays.com\/fr\/wp-json\/wp\/v2\/posts\/524990\/revisions"}],"wp:featuredmedia":[{"embeddable":true,"href":"https:\/\/www.europesays.com\/fr\/wp-json\/wp\/v2\/media\/524991"}],"wp:attachment":[{"href":"https:\/\/www.europesays.com\/fr\/wp-json\/wp\/v2\/media?parent=524990"}],"wp:term":[{"taxonomy":"category","embeddable":true,"href":"https:\/\/www.europesays.com\/fr\/wp-json\/wp\/v2\/categories?post=524990"},{"taxonomy":"post_tag","embeddable":true,"href":"https:\/\/www.europesays.com\/fr\/wp-json\/wp\/v2\/tags?post=524990"}],"curies":[{"name":"wp","href":"https:\/\/api.w.org\/{rel}","templated":true}]}}