{"id":524994,"date":"2025-11-10T13:42:28","date_gmt":"2025-11-10T13:42:28","guid":{"rendered":"https:\/\/www.europesays.com\/fr\/524994\/"},"modified":"2025-11-10T13:42:28","modified_gmt":"2025-11-10T13:42:28","slug":"ecowas-lallemagne-sengage-a-hauteur-de-49-me-pour-la-paix-et-le-developpement-en-afrique-de-louest","status":"publish","type":"post","link":"https:\/\/www.europesays.com\/fr\/524994\/","title":{"rendered":"ECOWAS : l\u2019Allemagne s\u2019engage \u00e0 hauteur de 49 M\u20ac pour la paix et le d\u00e9veloppement en Afrique de l\u2019Ouest"},"content":{"rendered":"<p><img loading=\"lazy\" data-lazyloaded=\"1\" width=\"780\" height=\"470\" src=\"https:\/\/www.europesays.com\/fr\/wp-content\/uploads\/2025\/11\/@German-mission-in-Uganda-780x470.png\" class=\"attachment-jannah-image-post size-jannah-image-post wp-post-image\" alt=\"\" data-main-img=\"1\" decoding=\"async\"\/><br \/>\n @German mission in Uganda<\/p>\n<p>L\u2019Allemagne confirme son soutien \u00e0 ECOWAS avec 49 M\u20ac (\u224882 Md Naira) pour renforcer la paix, la s\u00e9curit\u00e9, la sant\u00e9 et le d\u00e9veloppement \u00e9conomique en Afrique de l\u2019Ouest. L\u2019accord a \u00e9t\u00e9 officialis\u00e9 \u00e0 Abuja lors de discussions bilat\u00e9rales impliquant l\u2019ambassadrice Annett G\u00fcnther, Christoph Rauh (BMZ) et le vice-pr\u00e9sident Damtien L. Tchintchibidja. Ce partenariat promeut l\u2019int\u00e9gration r\u00e9gionale et les solutions africaines pour la stabilit\u00e9.<\/p>\n<p><a href=\"\" title=\"\"><br \/>\n<img loading=\"lazy\" decoding=\"async\" data-lazyloaded=\"1\" src=\"https:\/\/www.europesays.com\/fr\/wp-content\/uploads\/2025\/09\/ANA-2026-V2.png\" alt=\"\" width=\"728\" height=\"91\"\/><br \/>\n<\/a>  <\/p>\n","protected":false},"excerpt":{"rendered":"@German mission in Uganda L\u2019Allemagne confirme son soutien \u00e0 ECOWAS avec 49 M\u20ac (\u224882 Md Naira) pour renforcer&hellip;\n","protected":false},"author":2,"featured_media":524995,"comment_status":"","ping_status":"","sticky":false,"template":"","format":"standard","meta":{"footnotes":""},"categories":[1587],"tags":[11,672,1804,1805,1803,1777,674,1801,12,1802],"class_list":{"0":"post-524994","1":"post","2":"type-post","3":"status-publish","4":"format-standard","5":"has-post-thumbnail","7":"category-allemagne","8":"tag-actualites","9":"tag-allemagne","10":"tag-bundesrepublik-deutschland","11":"tag-de","12":"tag-deutschland","13":"tag-eu","14":"tag-europe","15":"tag-germany","16":"tag-news","17":"tag-republique-federale-dallemagne"},"share_on_mastodon":{"url":"https:\/\/pubeurope.com\/@fr\/115525698245963282","error":""},"_links":{"self":[{"href":"https:\/\/www.europesays.com\/fr\/wp-json\/wp\/v2\/posts\/524994","targetHints":{"allow":["GET"]}}],"collection":[{"href":"https:\/\/www.europesays.com\/fr\/wp-json\/wp\/v2\/posts"}],"about":[{"href":"https:\/\/www.europesays.com\/fr\/wp-json\/wp\/v2\/types\/post"}],"author":[{"embeddable":true,"href":"https:\/\/www.europesays.com\/fr\/wp-json\/wp\/v2\/users\/2"}],"replies":[{"embeddable":true,"href":"https:\/\/www.europesays.com\/fr\/wp-json\/wp\/v2\/comments?post=524994"}],"version-history":[{"count":0,"href":"https:\/\/www.europesays.com\/fr\/wp-json\/wp\/v2\/posts\/524994\/revisions"}],"wp:featuredmedia":[{"embeddable":true,"href":"https:\/\/www.europesays.com\/fr\/wp-json\/wp\/v2\/media\/524995"}],"wp:attachment":[{"href":"https:\/\/www.europesays.com\/fr\/wp-json\/wp\/v2\/media?parent=524994"}],"wp:term":[{"taxonomy":"category","embeddable":true,"href":"https:\/\/www.europesays.com\/fr\/wp-json\/wp\/v2\/categories?post=524994"},{"taxonomy":"post_tag","embeddable":true,"href":"https:\/\/www.europesays.com\/fr\/wp-json\/wp\/v2\/tags?post=524994"}],"curies":[{"name":"wp","href":"https:\/\/api.w.org\/{rel}","templated":true}]}}