{"id":524996,"date":"2025-11-10T13:44:17","date_gmt":"2025-11-10T13:44:17","guid":{"rendered":"https:\/\/www.europesays.com\/fr\/524996\/"},"modified":"2025-11-10T13:44:17","modified_gmt":"2025-11-10T13:44:17","slug":"rencontre-avec-un-street-artiste-coulisses-du-plus-haut-donjon-deurope-decouvrez-le-val-de-marne-autrement","status":"publish","type":"post","link":"https:\/\/www.europesays.com\/fr\/524996\/","title":{"rendered":"Rencontre avec un street artiste, coulisses du plus haut donjon d&rsquo;Europe : d\u00e9couvrez le Val-de-Marne autrement"},"content":{"rendered":"<p>            Par<br \/>\n        <strong><br \/>\n            <a href=\"https:\/\/actu.fr\/auteur\/redaction-paris\" title=\"Consulter tous les articles de R\u00e9daction Paris\" target=\"_blank\" rel=\"noopener\">R\u00e9daction Paris<\/a><br \/>\n        <\/strong><\/p>\n<p>        Publi\u00e9 le<\/p>\n<p>            10 nov. 2025 \u00e0 14h28        <\/p>\n<p>C\u2019est reparti pour une (courte) semaine. Du lundi\u00a010 au dimanche 16\u00a0novembre 2025, dans le Val-de-Marne, nombreuses sont <a href=\"https:\/\/actu.fr\/ile-de-france\/creteil_94028\/brutal-et-inquietant-la-fin-de-val-de-marne-tourisme-et-loisirs-un-nouveau-coup-dur-pour-le-departement_63378123.html\" target=\"_blank\" rel=\"noopener\">les activit\u00e9s et les lieux \u00e0 visiter<\/a> pour<strong> d\u00e9couvrir le d\u00e9partement autrement<\/strong>. \u00c0 Vitry, <a href=\"https:\/\/actu.fr\/loisirs-culture\/evasion\/en-images-le-val-de-marne-terre-de-street-art_46628374.html\" target=\"_blank\" rel=\"noopener\">capitale du street art<\/a>, prenez le temps d\u2019\u00e9changer avec un artiste qui vous ouvrira son atelier, et pour une balade plus bucolique, rendez-vous dans le bois de Vincennes pour une <a href=\"https:\/\/actu.fr\/ile-de-france\/paris_75056\/poelee-de-champignons-tisanes-a-paris-cette-association-vous-apprend-a-faire-vos-courses-dans-les-bois_61697482.html\" target=\"_blank\" rel=\"noopener\">cueillette de plantes sauvages<\/a>.<\/p>\n<p>Visite guid\u00e9e de l\u2019\u00e9glise Saint-Louis \u00e0 Vincennes<\/p>\n<p class=\" wall-content\">Cette \u00e9glise est un tr\u00e8s bel exemple du <strong>renouveau de l\u2019art sacr\u00e9<\/strong> au d\u00e9but du XXe\u00a0si\u00e8cle. Un important chantier de restauration est actuellement en cours\u2009: l\u2019\u00e9quipe de techniciens pourra exceptionnellement vous faire b\u00e9n\u00e9ficier de leur expertise sur les techniques mises en \u0153uvre pour la restauration des fresques d\u2019Henry Marret qui retrouveront tout leur \u00e9clat lors d\u2019<a href=\"https:\/\/exploreparis.com\/fr\/1087-visite-historique-patrimoniale-eglise-saint-louis.html\" target=\"_blank\" rel=\"noopener\">une visite guid\u00e9e<\/a>.<\/p>\n<p><strong>Infos pratiques<\/strong><br \/>Vincennes, jeudi 13\u00a0novembre \u00e0 15\u00a0heures<br \/>Tarif\u2009: 8\u00a0euros, r\u00e9duit 5\u00a0euros, gratuit moins de 18\u00a0ans<\/p>\n<p>Bapt\u00eame \u00ab\u2009cueillette de plantes sauvages\u2009\u00bb<\/p>\n<p class=\" wall-content\">Profitez d\u2019une <a href=\"https:\/\/exploreparis.com\/fr\/7986-bapteme-cueillette-de-plantes-sauvages-.html\" target=\"_blank\" rel=\"noopener\">balade dans le bois de Vincennes<\/a> pour garnir vos paniers de d\u00e9licieuses plantes sauvages, aux vertus culinaires ou m\u00e9dicinales insoup\u00e7onn\u00e9es, en toute s\u00e9curit\u00e9\u2009!<\/p>\n<p><strong>Infos pratiques<\/strong><br \/>Vincennes, samedi 15\u00a0novembre \u00e0 14\u00a0heures<br \/>Tarif\u2009: 30\u00a0euros<b\/><\/p>\n<p>Les monuments comm\u00e9moratifs de Vincennes<\/p>\n<p class=\" wall-content\">D\u00e9couvrez <a href=\"https:\/\/exploreparis.com\/fr\/1816-les-monuments-commemoratifs-de-vincennes.html\" target=\"_blank\" rel=\"noopener\">lors de cette visite comment\u00e9e<\/a>, les monuments comm\u00e9moratifs vincennois issus des deux grands conflits mondiaux, aux Vincennois (1923), A la Gloire du Poilu vincennois (1925), aux Combattants (1950,) sous toutes leurs facettes\u2009: historique, symbolique, esth\u00e9tique.<\/p>\n<p><strong>Infos pratiques<\/strong><br \/>Vincennes, samedi 15\u00a0novembre \u00e0 15\u00a0heures<br \/>Tarif\u2009: 8\u00a0euros, r\u00e9duit 5\u00a0euros, gratuit moins de 18\u00a0ans<\/p>\n<p>Votre r\u00e9gion, votre actu !<\/p>\n<p>Recevez chaque jour les infos qui comptent pour vous.<\/p>\n<p>\t<a href=\"https:\/\/actu.fr\/newsletter\" class=\"ac-btn ac-btn--corner ac-btn--medium ac-btn--blue800\" target=\"_blank\" rel=\"noopener\">S&rsquo;incrire<\/a><\/p>\n<p class=\" wall-content\"><b>Visite des hauteurs du donjon du ch\u00e2teau de Vincennes<\/b><\/p>\n<p class=\" wall-content\"><a href=\"https:\/\/exploreparis.com\/fr\/4798-hauteurs-donjon-vincennes.html\" target=\"_blank\" rel=\"noopener\">Parcourez les \u00e9tages ferm\u00e9s<\/a> du\u00a0donjon\u00a0du ch\u00e2teau de Vincennes. Traversez cinq \u00e9tages et 1000 d\u2019histoire, de\u00a0la\u00a0Guerre\u00a0de\u00a0Cent\u00a0Ans \u00e0\u00a0la\u00a0Seconde Guerre Mondiale, pour\u00a0aboutir \u00e0\u00a0la\u00a0terrasse sommitale et sa vue sur tout Paris.<\/p>\n<p><strong>Infos pratiques<\/strong><br \/>Vincennes, dimanche 16\u00a0novembre \u00e0 11\u00a0heures<br \/>Tarif\u2009: 15\u00a0euros, r\u00e9duit 10\u00a0euros<\/p>\n<p>Street-Art \u00e0 Ivry et visite priv\u00e9e d\u2019un atelier d\u2019artiste<\/p>\n<p class=\" wall-content\">Apr\u00e8s\u00a0avoir admir\u00e9 les \u0153uvres de grands noms du\u00a0street\u00a0art\u00a0dans les rues d\u2019Ivry (Jallal, Stew, Bisk, Katre, AlexOne, Lev-tag, C215, Tom Brikx, Kouka, Nop, Lev-tag), la balade se poursuit par une <a href=\"https:\/\/exploreparis.com\/fr\/7293-street-art-a-ivry-et-residence-dartistes-le-village.html\" target=\"_blank\" rel=\"noopener\">visite priv\u00e9e d\u2019un\u00a0atelier<\/a>, situ\u00e9\u00a0au c\u0153ur de la r\u00e9sidence d\u2019artistes \u00ab\u2009Le Village\u2009\u00bb et la rencontre\u00a0avec un\u00a0artiste.<\/p>\n<p><strong>Infos pratiques<\/strong><br \/>Ivry-sur-Seine, dimanche 16\u00a0novembre \u00e0 10\u00a0heures<br \/>Tarif\u2009: 15\u00a0euros<\/p>\n<p>Vitry, capitale du Street-Art<\/p>\n<p class=\" wall-content\">Vitry, v\u00e9ritable galerie \u00e0 ciel ouvert, regorge de couleurs, \u00e0 commencer par celles de l\u2019artiste vitriot embl\u00e9matique\u2009: C215. D\u00e9couvrez au gr\u00e8s de <a href=\"https:\/\/exploreparis.com\/fr\/6920-vitry-capitale-du-street-art.html\" target=\"_blank\" rel=\"noopener\">cette balade<\/a> les centaines d\u2019\u0153uvres d\u2019art\u00a0qui embellissent l\u2019espace urbain.<\/p>\n<p><strong>Infos pratiques<br \/><\/strong>Vitry-sur-Seine, dimanche 16\u00a0novembre \u00e0 14\u00a0heures<br \/>Tarif\u2009: 15\u00a0euros<\/p>\n<p class=\" wall-content\">Cette s\u00e9lection de sorties vous est propos\u00e9e en partenariat avec <a href=\"https:\/\/www.tourisme-valdemarne.com\/\" target=\"_blank\" rel=\"noopener\">Val-de-Marne Tourisme et Loisirs<\/a><\/p>\n<p class=\" wall-content\">Personnalisez votre actualit\u00e9 en ajoutant vos villes et m\u00e9dias en favori avec <a href=\"https:\/\/moncompte.actu.fr\" title=\"D\u00e9couvez Mon Actu\" rel=\"nofollow noopener\" data-trk=\"{&quot;cta&quot;:{&quot;action&quot;:&quot;https:\\\/\\\/moncompte.actu.fr&quot;,&quot;category&quot;:&quot;mon compte&quot;,&quot;from&quot;:&quot;article footer&quot;,&quot;name&quot;:&quot;Mon actu&quot;,&quot;type&quot;:&quot;cta&quot;}}\" target=\"_blank\">Mon Actu<\/a>.<\/p>\n","protected":false},"excerpt":{"rendered":"Par R\u00e9daction Paris Publi\u00e9 le 10 nov. 2025 \u00e0 14h28 C\u2019est reparti pour une (courte) semaine. Du lundi\u00a010&hellip;\n","protected":false},"author":2,"featured_media":524997,"comment_status":"","ping_status":"","sticky":false,"template":"","format":"standard","meta":{"footnotes":""},"categories":[1586],"tags":[11,5354,64485,1777,674,1011,27,1652,12,25,7189],"class_list":{"0":"post-524996","1":"post","2":"type-post","3":"status-publish","4":"format-standard","5":"has-post-thumbnail","7":"category-europe","8":"tag-actualites","9":"tag-bois-de-vincennes","10":"tag-chateau-de-vincennes","11":"tag-eu","12":"tag-europe","13":"tag-fr","14":"tag-france","15":"tag-loisirs-culture","16":"tag-news","17":"tag-republique-francaise","18":"tag-street-art"},"share_on_mastodon":{"url":"https:\/\/pubeurope.com\/@fr\/115525705144043283","error":""},"_links":{"self":[{"href":"https:\/\/www.europesays.com\/fr\/wp-json\/wp\/v2\/posts\/524996","targetHints":{"allow":["GET"]}}],"collection":[{"href":"https:\/\/www.europesays.com\/fr\/wp-json\/wp\/v2\/posts"}],"about":[{"href":"https:\/\/www.europesays.com\/fr\/wp-json\/wp\/v2\/types\/post"}],"author":[{"embeddable":true,"href":"https:\/\/www.europesays.com\/fr\/wp-json\/wp\/v2\/users\/2"}],"replies":[{"embeddable":true,"href":"https:\/\/www.europesays.com\/fr\/wp-json\/wp\/v2\/comments?post=524996"}],"version-history":[{"count":0,"href":"https:\/\/www.europesays.com\/fr\/wp-json\/wp\/v2\/posts\/524996\/revisions"}],"wp:featuredmedia":[{"embeddable":true,"href":"https:\/\/www.europesays.com\/fr\/wp-json\/wp\/v2\/media\/524997"}],"wp:attachment":[{"href":"https:\/\/www.europesays.com\/fr\/wp-json\/wp\/v2\/media?parent=524996"}],"wp:term":[{"taxonomy":"category","embeddable":true,"href":"https:\/\/www.europesays.com\/fr\/wp-json\/wp\/v2\/categories?post=524996"},{"taxonomy":"post_tag","embeddable":true,"href":"https:\/\/www.europesays.com\/fr\/wp-json\/wp\/v2\/tags?post=524996"}],"curies":[{"name":"wp","href":"https:\/\/api.w.org\/{rel}","templated":true}]}}