{"id":525000,"date":"2025-11-10T13:46:17","date_gmt":"2025-11-10T13:46:17","guid":{"rendered":"https:\/\/www.europesays.com\/fr\/525000\/"},"modified":"2025-11-10T13:46:17","modified_gmt":"2025-11-10T13:46:17","slug":"a-lorient-lindividu-arme-et-encagoule-qui-menacait-des-policiers-est-mort","status":"publish","type":"post","link":"https:\/\/www.europesays.com\/fr\/525000\/","title":{"rendered":"\u00c0 Lorient, l\u2019individu arm\u00e9 et encagoul\u00e9 qui mena\u00e7ait des policiers est mort"},"content":{"rendered":"<p>Depuis la fin de matin\u00e9e (peu avant midi), ce lundi 10 novembre 2025, la rue de Larmor, \u00e0 Lorient, est en partie boucl\u00e9e au croisement des rues C\u00e9sar et rue Droneau. Des policiers qui \u00e9taient en intervention rue de Larmor, dans le quartier ont voulu contr\u00f4ler un homme qui avait le visage encagoul\u00e9. Ce dernier, arm\u00e9 d\u2019un couteau, leur a saut\u00e9 dessus. Les policiers ont fait un tir de riposte. Trois cartouches ont \u00e9t\u00e9 tir\u00e9es. L\u2019individu est d\u00e9c\u00e9d\u00e9.<\/p>\n<p>Un important dispositif est d\u00e9ploy\u00e9\u00a0: Police nationale, police municipale, Samu, plusieurs v\u00e9hicules de sapeurs-pompiers, dont des v\u00e9hicules de secours et d\u2019assistance aux victimes.<\/p>\n<p><img decoding=\"async\" src=\"https:\/\/www.europesays.com\/fr\/wp-content\/uploads\/2025\/11\/6911e471b0831522dd0c3633.1.jpeg\" width=\"480\" height=\"300\" class=\"web_golden_m\" loading=\"lazy\" alt=\"Plusieurs v\u00e9hicules de sapeurs-pompiers sont sur les lieux depuis la fin de matin\u00e9e.\"\/>Plusieurs v\u00e9hicules de sapeurs-pompiers sont sur les lieux depuis la fin de matin\u00e9e. (Carine Chevrollier)\u00ab\u00a0L\u00e2che ton couteau\u00a0\u00bb<\/p>\n<p>Habitante du quartier, Juliette*, raconte\u00a0: \u00ab\u00a0J\u2019\u00e9tais dans ma chambre et j\u2019ai entendu quatre coups de feu. J\u2019ai paniqu\u00e9, j\u2019ai regard\u00e9 par la fen\u00eatre et j\u2019ai vu la police. J\u2019ai entendu \u00ab\u00a0l\u00e2che ton couteau\u00a0\u00bb. Je suis choqu\u00e9e. \u00c7a fait 20 ans qu\u2019on est dans le quartier, je n\u2019ai jamais vu \u00e7a\u00a0\u00bb.<\/p>\n<p class=\"note\">*Le pr\u00e9nom a \u00e9t\u00e9 modifi\u00e9.<\/p>\n","protected":false},"excerpt":{"rendered":"Depuis la fin de matin\u00e9e (peu avant midi), ce lundi 10 novembre 2025, la rue de Larmor, \u00e0&hellip;\n","protected":false},"author":2,"featured_media":525001,"comment_status":"","ping_status":"","sticky":false,"template":"","format":"standard","meta":{"footnotes":""},"categories":[2],"tags":[11,829,765,118,1011,27,1781,3729,12,25],"class_list":{"0":"post-525000","1":"post","2":"type-post","3":"status-publish","4":"format-standard","5":"has-post-thumbnail","7":"category-actualites","8":"tag-actualites","9":"tag-bretagne","10":"tag-en-continu","11":"tag-faits-divers","12":"tag-fr","13":"tag-france","14":"tag-lorient","15":"tag-morbihan","16":"tag-news","17":"tag-republique-francaise"},"share_on_mastodon":{"url":"https:\/\/pubeurope.com\/@fr\/115525714059467813","error":""},"_links":{"self":[{"href":"https:\/\/www.europesays.com\/fr\/wp-json\/wp\/v2\/posts\/525000","targetHints":{"allow":["GET"]}}],"collection":[{"href":"https:\/\/www.europesays.com\/fr\/wp-json\/wp\/v2\/posts"}],"about":[{"href":"https:\/\/www.europesays.com\/fr\/wp-json\/wp\/v2\/types\/post"}],"author":[{"embeddable":true,"href":"https:\/\/www.europesays.com\/fr\/wp-json\/wp\/v2\/users\/2"}],"replies":[{"embeddable":true,"href":"https:\/\/www.europesays.com\/fr\/wp-json\/wp\/v2\/comments?post=525000"}],"version-history":[{"count":0,"href":"https:\/\/www.europesays.com\/fr\/wp-json\/wp\/v2\/posts\/525000\/revisions"}],"wp:featuredmedia":[{"embeddable":true,"href":"https:\/\/www.europesays.com\/fr\/wp-json\/wp\/v2\/media\/525001"}],"wp:attachment":[{"href":"https:\/\/www.europesays.com\/fr\/wp-json\/wp\/v2\/media?parent=525000"}],"wp:term":[{"taxonomy":"category","embeddable":true,"href":"https:\/\/www.europesays.com\/fr\/wp-json\/wp\/v2\/categories?post=525000"},{"taxonomy":"post_tag","embeddable":true,"href":"https:\/\/www.europesays.com\/fr\/wp-json\/wp\/v2\/tags?post=525000"}],"curies":[{"name":"wp","href":"https:\/\/api.w.org\/{rel}","templated":true}]}}