{"id":525003,"date":"2025-11-10T13:48:24","date_gmt":"2025-11-10T13:48:24","guid":{"rendered":"https:\/\/www.europesays.com\/fr\/525003\/"},"modified":"2025-11-10T13:48:24","modified_gmt":"2025-11-10T13:48:24","slug":"amazon-leboncoin-et-temu-dominent-en-france","status":"publish","type":"post","link":"https:\/\/www.europesays.com\/fr\/525003\/","title":{"rendered":"Amazon, Leboncoin et Temu dominent en France"},"content":{"rendered":"<p>Le dernier barom\u00e8tre de la <strong>Fevad<\/strong>, <strong>M\u00e9diam\u00e9trie<\/strong>, et <strong>NetRatings<\/strong>, <a href=\"https:\/\/www.fevad.com\/barometre-de-laudience-du-e-commerce-3e-trimestre-2025\/\" target=\"_blank\" rel=\"noopener\">publi\u00e9 ces derniers jours<\/a>, dresse le portrait d\u2019un march\u00e9 de l\u2019e-commerce plus solide que jamais.<\/p>\n<p>En effet, chaque mois, pr\u00e8s de <strong>51 millions de fran\u00e7ais<\/strong>, soit <strong>80% de la population connect\u00e9e<\/strong>, visitent au moins un site ou une application du top 20 des marchands en ligne.<\/p>\n<p>Un podium qui reste stable<br \/>\n<img loading=\"lazy\" decoding=\"async\" aria-describedby=\"caption-attachment-417862\" class=\"size-full wp-image-417862\" src=\"https:\/\/www.europesays.com\/fr\/wp-content\/uploads\/2025\/11\/fevad.jpg\" alt=\"Un aper\u00e7u du top 20 du classement des sites e-commerce - Source&amp;nbsp: Fevad\" width=\"986\" height=\"1460\"  \/><\/p>\n<p id=\"caption-attachment-417862\" class=\"wp-caption-text\">Un aper\u00e7u du top 20 du classement des sites e-commerce \u2013 Source&amp;nbsp: Fevad<\/p>\n<p>Sans grande surprise, le podium reste inchang\u00e9 <a href=\"https:\/\/siecledigital.fr\/2024\/09\/18\/chiffres-cles-de-le-commerce-en-france-une-croissance-de-84-au-deuxieme-trimestre-2024\/\" target=\"_blank\" rel=\"noopener\">par rapport \u00e0 l\u2019an dernier<\/a>. <strong>Amazon<\/strong> conserve la premi\u00e8re place avec pr\u00e8s de <strong>39 millions de visiteurs uniques<\/strong>, suivi par <strong>Leboncoin<\/strong> avec 30,2 millions, et finalement <strong>Temu<\/strong> pour 24,6 millions.<\/p>\n<p>Derri\u00e8re, on retrouve le site de r\u00e9servations de voyages <strong>Booking.com<\/strong> et <strong>E.Leclerc<\/strong> dans la grande distribution, ce qui confirme la diversit\u00e9 des usages dans la vente en ligne.<\/p>\n<p>La stabilit\u00e9 globale du classement t\u00e9moigne de la <strong>maturit\u00e9 du march\u00e9 fran\u00e7ais<\/strong>, n\u00e9anmoins, certaines plateformes pourraient encore continuer de bousculer l\u2019ordre \u00e9tabli\u2026<\/p>\n<p>Shein et Temu, les nouveaux moteurs de croissance<\/p>\n<p>Alors qu\u2019<a href=\"https:\/\/siecledigital.fr\/2025\/06\/11\/la-fin-annoncee-de-shein-et-temu-ce-que-la-nouvelle-loi-francaise-va-vraiment-changer\/\" target=\"_blank\" rel=\"noopener\">une loi pourrait bient\u00f4t mettre \u00e0 mal<\/a> l\u2019avenir de ces plateformes, dans ce paysage concurrentiel, <strong>Shein<\/strong> et <strong>Temu<\/strong> s\u2019imposent comme les grands gagnants du trimestre.<\/p>\n<p>Le g\u00e9ant chinois Shein, <a href=\"https:\/\/siecledigital.fr\/2025\/11\/05\/shein-sous-le-feu-des-autorites-francaises-une-interdiction-du-site-est-elle-vraiment-possible\/\" target=\"_blank\" rel=\"noopener\">sous le feu des autorit\u00e9s<\/a> ces derniers jours, poursuit sa progression spectaculaire, grimpant de deux places pour atteindre la 6\u00e8me position, avec <strong>19,5 millions de visiteurs mensuels<\/strong>, soit pr\u00e8s de <strong>3 millions de plus<\/strong> qu\u2019au trimestre pr\u00e9c\u00e9dent. Son mod\u00e8le, centr\u00e9 sur les tendances et les prix bas, semble s\u00e9duire un public jeune et connect\u00e9.<\/p>\n<p><strong>Temu<\/strong>, de son c\u00f4t\u00e9, consolide sa place sur le classement. L\u2019application a attir\u00e9 <strong>plus de 2 millions de nouveaux visiteurs<\/strong> en seulement trois mois, soit une croissance plus rapide que celle d\u2019Amazon ou Leboncoin. En deux ans, son audience quotidienne a quasiment tripl\u00e9, avec +179%, ce qui confirme ses ambitions d\u2019installer durablement sa marque dans les habitudes d\u2019achat des consommateurs fran\u00e7ais\u2026<\/p>\n<p>Darty remonte, Vinted et Lidl dominent sur mobile<\/p>\n<p>Autre fait marquant de ce trimestre&amp;nbsp: <strong>Darty signe le meilleur retour du classement<\/strong>. Apr\u00e8s plusieurs mois d\u2019absence, l\u2019enseigne retrouve le top 20 en se hissant \u00e0 la 18\u00e8me place, profitant d\u2019une meilleure int\u00e9gration omnicanale entre ses ventes en ligne et son r\u00e9seau physique.<\/p>\n<p>Enfin, <strong>Vinted<\/strong> et <strong>Lidl<\/strong> s\u2019imposent sur le terrain du mobile&amp;nbsp: <strong>90% de leurs visiteurs<\/strong> acc\u00e8dent \u00e0 leurs services via smartphone, un record qui illustre l\u2019importance croissante de la mobilit\u00e9 dans les usages d\u2019achat en France.<\/p>\n<p>Le barom\u00e8tre confirme donc la <strong>solidit\u00e9 de l\u2019e-commerce fran\u00e7ais<\/strong>, qui reste \u00e0 la fois domin\u00e9 par quelques g\u00e9ants, mais dynamis\u00e9 par de nouveaux acteurs capables d\u2019attirer une audience toujours plus connect\u00e9e\u2026<\/p>\n","protected":false},"excerpt":{"rendered":"Le dernier barom\u00e8tre de la Fevad, M\u00e9diam\u00e9trie, et NetRatings, publi\u00e9 ces derniers jours, dresse le portrait d\u2019un march\u00e9&hellip;\n","protected":false},"author":2,"featured_media":525004,"comment_status":"","ping_status":"","sticky":false,"template":"","format":"standard","meta":{"footnotes":""},"categories":[4],"tags":[11,50946,1011,27,12,25],"class_list":{"0":"post-525003","1":"post","2":"type-post","3":"status-publish","4":"format-standard","5":"has-post-thumbnail","7":"category-france","8":"tag-actualites","9":"tag-ecommerce","10":"tag-fr","11":"tag-france","12":"tag-news","13":"tag-republique-francaise"},"share_on_mastodon":{"url":"https:\/\/pubeurope.com\/@fr\/115525721597899235","error":""},"_links":{"self":[{"href":"https:\/\/www.europesays.com\/fr\/wp-json\/wp\/v2\/posts\/525003","targetHints":{"allow":["GET"]}}],"collection":[{"href":"https:\/\/www.europesays.com\/fr\/wp-json\/wp\/v2\/posts"}],"about":[{"href":"https:\/\/www.europesays.com\/fr\/wp-json\/wp\/v2\/types\/post"}],"author":[{"embeddable":true,"href":"https:\/\/www.europesays.com\/fr\/wp-json\/wp\/v2\/users\/2"}],"replies":[{"embeddable":true,"href":"https:\/\/www.europesays.com\/fr\/wp-json\/wp\/v2\/comments?post=525003"}],"version-history":[{"count":0,"href":"https:\/\/www.europesays.com\/fr\/wp-json\/wp\/v2\/posts\/525003\/revisions"}],"wp:featuredmedia":[{"embeddable":true,"href":"https:\/\/www.europesays.com\/fr\/wp-json\/wp\/v2\/media\/525004"}],"wp:attachment":[{"href":"https:\/\/www.europesays.com\/fr\/wp-json\/wp\/v2\/media?parent=525003"}],"wp:term":[{"taxonomy":"category","embeddable":true,"href":"https:\/\/www.europesays.com\/fr\/wp-json\/wp\/v2\/categories?post=525003"},{"taxonomy":"post_tag","embeddable":true,"href":"https:\/\/www.europesays.com\/fr\/wp-json\/wp\/v2\/tags?post=525003"}],"curies":[{"name":"wp","href":"https:\/\/api.w.org\/{rel}","templated":true}]}}