{"id":525007,"date":"2025-11-10T13:51:17","date_gmt":"2025-11-10T13:51:17","guid":{"rendered":"https:\/\/www.europesays.com\/fr\/525007\/"},"modified":"2025-11-10T13:51:17","modified_gmt":"2025-11-10T13:51:17","slug":"xv-de-france-top-14-toulouse-souffrant-de-douleurs-chroniques-francois-cros-opere-du-genou-gauche","status":"publish","type":"post","link":"https:\/\/www.europesays.com\/fr\/525007\/","title":{"rendered":"XV de France \/ Top 14 \u2013 Toulouse\u00a0: souffrant de douleurs chroniques, Fran\u00e7ois Cros op\u00e9r\u00e9 du genou gauche"},"content":{"rendered":"<p>\n                Le flanker toulousain, Fran\u00e7ois Cros, absent des terrains depuis la premi\u00e8re journ\u00e9e du Top 14 et le d\u00e9placement \u00e0 Clermont, a finalement subi une intervention chirurgicale. Son retour sur les pelouses n\u2019est donc pas encore act\u00e9.\n            <\/p>\n<p>Absent de cette tourn\u00e9e d\u2019automne avec l\u2019\u00e9quipe de France, l\u2019international Fran\u00e7ois Cros n\u2019avait en effet pu disputer que le premier match de la saison avec son club, lors du d\u00e9placement du Stade toulousain \u00e0 Clermont (victoire 34-24). Il souffrait depuis de douleurs chroniques au genou gauche mais il esp\u00e9rait pouvoir reprendre la comp\u00e9tition \u00e0 la fin du mois de novembre. Sa pr\u00e9sence lors du d\u00e9placement \u00e0 Montauban pour le compte de la 10e journ\u00e9e de Top 14 avait m\u00eame \u00e9t\u00e9 envisag\u00e9e.<\/p>\n<p>Celui qui vient de recevoir <strong><a href=\"https:\/\/www.rugbyrama.fr\/2025\/11\/04\/oscars-midi-olympique-le-casque-et-le-marteau-francois-cros-toulouse-recoit-loscar-de-bronze-13031242.php\" target=\"_self\" rel=\"nofollow noopener\">l\u2019Oscar de Bronze de Midi Olympique<\/a><\/strong>, le 4\u00a0novembre dernier \u00e0 Paris, avait entam\u00e9 depuis deux semaines un programme de reprise pour atteindre cet objectif, avec notamment des s\u00e9ances de vitesse fin octobre. N\u00e9anmoins, selon nos informations, Fran\u00e7ois Cros avait eu un rendez-vous avec un chirurgien en milieu de semaine derni\u00e8re pour prendre une d\u00e9cision. L\u2019op\u00e9ration a donc \u00e9t\u00e9 privil\u00e9gi\u00e9e comme l\u2019a r\u00e9v\u00e9l\u00e9 le joueur sur les r\u00e9seaux sociaux. \u00ab\u00a0Petite r\u00e9vision du genou. \u00c0 tr\u00e8s vite sur les terrains.\u00a0\u00bb<\/p>\n<p>        <img decoding=\"async\" class=\"std-img__img responsive-img\" src=\"https:\/\/www.europesays.com\/fr\/wp-content\/uploads\/2025\/11\/1762782677_529_image.jpg\" alt=\"Cros a \u00e9t\u00e9 op\u00e9r\u00e9 du genou gauche en ce d\u00e9but de semaine.\"\/><\/p>\n<p>                Cros a \u00e9t\u00e9 op\u00e9r\u00e9 du genou gauche en ce d\u00e9but de semaine.<\/p>\n<p>L\u2019absence de Fran\u00e7ois Cros devrait donc encore se prolonger quelques semaines mais il peut maintenant envisager sereinement la suite, avec la satisfaction d\u2019en avoir termin\u00e9 avec des douleurs r\u00e9currentes, lui qui avait expliqu\u00e9 devoir composer avec un cartilage ab\u00eem\u00e9 et un \u0153d\u00e8me osseux le tibia et le f\u00e9mur. Il va maintenant pouvoir entamer une course contre la montre pour esp\u00e9rer int\u00e9grer le groupe France d\u2019ici le tournoi des 6 Nations.<\/p>\n","protected":false},"excerpt":{"rendered":"Le flanker toulousain, Fran\u00e7ois Cros, absent des terrains depuis la premi\u00e8re journ\u00e9e du Top 14 et le d\u00e9placement&hellip;\n","protected":false},"author":2,"featured_media":525008,"comment_status":"","ping_status":"","sticky":false,"template":"","format":"standard","meta":{"footnotes":""},"categories":[1416],"tags":[1011,27,479,1468,60],"class_list":{"0":"post-525007","1":"post","2":"type-post","3":"status-publish","4":"format-standard","5":"has-post-thumbnail","7":"category-rugby","8":"tag-fr","9":"tag-france","10":"tag-rugby","11":"tag-rugby-football","12":"tag-sports"},"share_on_mastodon":{"url":"https:\/\/pubeurope.com\/@fr\/115525733371617430","error":""},"_links":{"self":[{"href":"https:\/\/www.europesays.com\/fr\/wp-json\/wp\/v2\/posts\/525007","targetHints":{"allow":["GET"]}}],"collection":[{"href":"https:\/\/www.europesays.com\/fr\/wp-json\/wp\/v2\/posts"}],"about":[{"href":"https:\/\/www.europesays.com\/fr\/wp-json\/wp\/v2\/types\/post"}],"author":[{"embeddable":true,"href":"https:\/\/www.europesays.com\/fr\/wp-json\/wp\/v2\/users\/2"}],"replies":[{"embeddable":true,"href":"https:\/\/www.europesays.com\/fr\/wp-json\/wp\/v2\/comments?post=525007"}],"version-history":[{"count":0,"href":"https:\/\/www.europesays.com\/fr\/wp-json\/wp\/v2\/posts\/525007\/revisions"}],"wp:featuredmedia":[{"embeddable":true,"href":"https:\/\/www.europesays.com\/fr\/wp-json\/wp\/v2\/media\/525008"}],"wp:attachment":[{"href":"https:\/\/www.europesays.com\/fr\/wp-json\/wp\/v2\/media?parent=525007"}],"wp:term":[{"taxonomy":"category","embeddable":true,"href":"https:\/\/www.europesays.com\/fr\/wp-json\/wp\/v2\/categories?post=525007"},{"taxonomy":"post_tag","embeddable":true,"href":"https:\/\/www.europesays.com\/fr\/wp-json\/wp\/v2\/tags?post=525007"}],"curies":[{"name":"wp","href":"https:\/\/api.w.org\/{rel}","templated":true}]}}