{"id":525009,"date":"2025-11-10T13:52:17","date_gmt":"2025-11-10T13:52:17","guid":{"rendered":"https:\/\/www.europesays.com\/fr\/525009\/"},"modified":"2025-11-10T13:52:17","modified_gmt":"2025-11-10T13:52:17","slug":"atp-finals-autant-ce-que-djokovic-a-fait-en-finale-dathenes-est-classe-et-grand-autant-son-comportement-envers-le-masters-les-organisateurs-et-les-joueurs-je-trouve-que-sa-grandeur-en-pre","status":"publish","type":"post","link":"https:\/\/www.europesays.com\/fr\/525009\/","title":{"rendered":"ATP Finals > \u00ab Autant ce que Djokovic a fait en finale d&rsquo;Ath\u00e8nes est classe et grand, autant son comportement envers le Masters, les organisateurs et les joueurs, je trouve que sa grandeur en prend un coup \u00bb ass\u00e8ne Julien Varlet"},"content":{"rendered":"<p>Nombreux ont \u00e9t\u00e9 les fans et les obser\u00adva\u00adteurs d\u00e9\u00e7us, voire agac\u00e9s par le forfait de derni\u00e8re minute de Novak Djokovic pour le Masters de Turin, annonc\u00e9 juste apr\u00e8s son titre \u00e0 Ath\u00e8nes. Selon Julien Varlet, cette d\u00e9ci\u00adsion, avec ce timing pr\u00e9cis, manquait beau\u00adcoup de classe, et entache clai\u00adre\u00adment ce qu\u2019il a accompli en Gr\u00e8ce, notam\u00adment la finale face \u00e0 Lorenzo Musetti.<\/p>\n<p><strong>\u00ab\u202fJe trouve que c\u2019est un manque de respect pour les autres joueurs. Il a beau faire un sourire \u00e0 Musetti, je trouve que ce n\u2019est pas classe. Autant, c\u2019est hyper classe et grand la finale qu\u2019il a pu faire, autant le compor\u00adte\u00adment vis\u2010\u00e0\u2010vis du Masters, des orga\u00adni\u00adsa\u00adteurs et des autres joueurs, je trouve \u00e7a petit. Petit d\u2019at\u00adtendre la fin du tournoi pour dire \u2018d\u00e9sol\u00e9, je me suis donn\u00e9 comme un porc, je ne viens pas\u2019, surtout que c\u2019\u00e9tait son tournoi, donc il \u00e9tait oblig\u00e9 d\u2019aller le jouer pour qu\u2019il y ait une t\u00eate d\u2019af\u00adfiche. Donc je pense que ce qu\u2019il a fait l\u00e0 n\u2019est pas beau, et pour moi, la gran\u00addeur de Djokovic en prend un\u00a0coup.\u202f\u00bb<\/strong><\/p>\n<blockquote class=\"twitter-tweet\">\n<p lang=\"fr\" dir=\"ltr\">\u274c \u00ab\u202fLe forfait de Djokovic est un manque de respect pour les autres joueurs. La finale qu\u2019il offre \u00e0 Ath\u00e8nes est monu\u00admen\u00adtale mais annoncer son retrait juste apr\u00e8s, ce n\u2019est pas classe vis\u2010\u00e0\u2010vis du Masters. Sa gran\u00addeur en prend un coup.\u202f\u00bb<\/p>\n<p>\ud83d\udde3\ufe0f <a href=\"https:\/\/twitter.com\/JulienVarlet1?ref_src=twsrc%5Etfw\" data-wpel-link=\"external\" target=\"_blank\" rel=\"nofollow external noopener\">@JulienVarlet1<\/a> <a href=\"https:\/\/t.co\/77VEzX8hUU\" data-wpel-link=\"external\" target=\"_blank\" rel=\"nofollow external noopener\">pic.twitter.com\/77VEzX8hUU<\/a><\/p>\n<p>\u2014 Sans Filet \ud83d\udd1e (@SansFilet) <a href=\"https:\/\/twitter.com\/SansFilet\/status\/1987853936535949490?ref_src=twsrc%5Etfw\" data-wpel-link=\"external\" target=\"_blank\" rel=\"nofollow external noopener\">November 10,\u00a02025<\/a><\/p><\/blockquote>\n<p>Malgr\u00e9 tout, les autres joueurs ont quant \u00e0 eux plut\u00f4t tendance \u00e0 d\u00e9fendre Novak, qui avait selon eux tota\u00adle\u00adment le droit de faire ce\u00a0choix.<\/p>\n<p class=\"post-published-date\" style=\"color: silver; font-size: 75%; text-align: left;\">Publi\u00e9 le lundi 10 novembre 2025 \u00e0 13:42<\/p>\n<p><script async src=\"https:\/\/platform.twitter.com\/widgets.js\" charset=\"utf-8\"><\/script><\/p>\n","protected":false},"excerpt":{"rendered":"Nombreux ont \u00e9t\u00e9 les fans et les obser\u00adva\u00adteurs d\u00e9\u00e7us, voire agac\u00e9s par le forfait de derni\u00e8re minute de&hellip;\n","protected":false},"author":2,"featured_media":259338,"comment_status":"","ping_status":"","sticky":false,"template":"","format":"standard","meta":{"footnotes":""},"categories":[1415],"tags":[105,1011,27,27964,60,1467],"class_list":{"0":"post-525009","1":"post","2":"type-post","3":"status-publish","4":"format-standard","5":"has-post-thumbnail","7":"category-tennis","8":"tag-djokovic","9":"tag-fr","10":"tag-france","11":"tag-musetti","12":"tag-sports","13":"tag-tennis"},"share_on_mastodon":{"url":"https:\/\/pubeurope.com\/@fr\/115525736418302776","error":""},"_links":{"self":[{"href":"https:\/\/www.europesays.com\/fr\/wp-json\/wp\/v2\/posts\/525009","targetHints":{"allow":["GET"]}}],"collection":[{"href":"https:\/\/www.europesays.com\/fr\/wp-json\/wp\/v2\/posts"}],"about":[{"href":"https:\/\/www.europesays.com\/fr\/wp-json\/wp\/v2\/types\/post"}],"author":[{"embeddable":true,"href":"https:\/\/www.europesays.com\/fr\/wp-json\/wp\/v2\/users\/2"}],"replies":[{"embeddable":true,"href":"https:\/\/www.europesays.com\/fr\/wp-json\/wp\/v2\/comments?post=525009"}],"version-history":[{"count":0,"href":"https:\/\/www.europesays.com\/fr\/wp-json\/wp\/v2\/posts\/525009\/revisions"}],"wp:featuredmedia":[{"embeddable":true,"href":"https:\/\/www.europesays.com\/fr\/wp-json\/wp\/v2\/media\/259338"}],"wp:attachment":[{"href":"https:\/\/www.europesays.com\/fr\/wp-json\/wp\/v2\/media?parent=525009"}],"wp:term":[{"taxonomy":"category","embeddable":true,"href":"https:\/\/www.europesays.com\/fr\/wp-json\/wp\/v2\/categories?post=525009"},{"taxonomy":"post_tag","embeddable":true,"href":"https:\/\/www.europesays.com\/fr\/wp-json\/wp\/v2\/tags?post=525009"}],"curies":[{"name":"wp","href":"https:\/\/api.w.org\/{rel}","templated":true}]}}