{"id":525012,"date":"2025-11-10T13:57:12","date_gmt":"2025-11-10T13:57:12","guid":{"rendered":"https:\/\/www.europesays.com\/fr\/525012\/"},"modified":"2025-11-10T13:57:12","modified_gmt":"2025-11-10T13:57:12","slug":"ligue1-cree-la-polemique-apres-ol-psg-les-images-de-la-ref-cam-sans-le-but-polemique-de-kvaratskhelia","status":"publish","type":"post","link":"https:\/\/www.europesays.com\/fr\/525012\/","title":{"rendered":"Ligue1+ cr\u00e9e la pol\u00e9mique apr\u00e8s OL-PSG : les images de la \u00ab\u00a0Ref Cam\u00a0\u00bb sans le but pol\u00e9mique de Kvaratskhelia"},"content":{"rendered":"<p>Le lancement de la \u00ab\u00a0Ref Cam\u00a0\u00bb devait incarner une nouvelle \u00e8re de transparence dans le football fran\u00e7ais. Au lieu de cela, la vid\u00e9o officielle a sem\u00e9 le doute. Sur les r\u00e9seaux sociaux, de nombreux internautes ont point\u00e9 cette absence comme une tentative d\u2019\u00e9vitement. Certains ont rappel\u00e9 que la Ligue de Football Professionnel (LFP) avait promis un dispositif \u00ab\u00a0authentique et complet\u00a0\u00bb, sans filtre.<\/p>\n<p>Ironie du sort, avant la rencontre, M. Bastien s\u2019\u00e9tait lui-m\u00eame f\u00e9licit\u00e9 de l\u2019introduction de cet outil. \u00ab \u00c7a peut \u00eatre une tr\u00e8s bonne chose pour les t\u00e9l\u00e9spectateurs et les acteurs de jeu \u00bb, d\u00e9clarait-il. \u00ab On va voir l\u2019arbitre dans un r\u00f4le bien particulier qu\u2019on m\u00e9conna\u00eet un peu. Peut-\u00eatre que \u00e7a proposera des angles de cam\u00e9ras qui vont permettre d\u2019expliquer la d\u00e9cision prise par l\u2019homme en noir, ce soir sur le terrain, avec son angle de vue \u00e0 lui. Parce que d\u2019un angle de vue \u00e0 un autre, les d\u00e9cisions peuvent parfois \u00eatre invers\u00e9es et oppos\u00e9es \u00bb.<\/p>\n<p>Le paradoxe est criant : la seule d\u00e9cision r\u00e9ellement controvers\u00e9e du match ne figure pas dans le montage.<\/p>\n","protected":false},"excerpt":{"rendered":"Le lancement de la \u00ab\u00a0Ref Cam\u00a0\u00bb devait incarner une nouvelle \u00e8re de transparence dans le football fran\u00e7ais. Au&hellip;\n","protected":false},"author":2,"featured_media":525013,"comment_status":"","ping_status":"","sticky":false,"template":"","format":"standard","meta":{"footnotes":""},"categories":[1410],"tags":[64470,63,1011,27,3557,66,2428,91,60],"class_list":{"0":"post-525012","1":"post","2":"type-post","3":"status-publish","4":"format-standard","5":"has-post-thumbnail","7":"category-football","8":"tag-b-bastien","9":"tag-football","10":"tag-fr","11":"tag-france","12":"tag-k-kvaratskhelia","13":"tag-ligue-1","14":"tag-lyon","15":"tag-paris-saint-germain","16":"tag-sports"},"share_on_mastodon":{"url":"https:\/\/pubeurope.com\/@fr\/115525756297776758","error":""},"_links":{"self":[{"href":"https:\/\/www.europesays.com\/fr\/wp-json\/wp\/v2\/posts\/525012","targetHints":{"allow":["GET"]}}],"collection":[{"href":"https:\/\/www.europesays.com\/fr\/wp-json\/wp\/v2\/posts"}],"about":[{"href":"https:\/\/www.europesays.com\/fr\/wp-json\/wp\/v2\/types\/post"}],"author":[{"embeddable":true,"href":"https:\/\/www.europesays.com\/fr\/wp-json\/wp\/v2\/users\/2"}],"replies":[{"embeddable":true,"href":"https:\/\/www.europesays.com\/fr\/wp-json\/wp\/v2\/comments?post=525012"}],"version-history":[{"count":0,"href":"https:\/\/www.europesays.com\/fr\/wp-json\/wp\/v2\/posts\/525012\/revisions"}],"wp:featuredmedia":[{"embeddable":true,"href":"https:\/\/www.europesays.com\/fr\/wp-json\/wp\/v2\/media\/525013"}],"wp:attachment":[{"href":"https:\/\/www.europesays.com\/fr\/wp-json\/wp\/v2\/media?parent=525012"}],"wp:term":[{"taxonomy":"category","embeddable":true,"href":"https:\/\/www.europesays.com\/fr\/wp-json\/wp\/v2\/categories?post=525012"},{"taxonomy":"post_tag","embeddable":true,"href":"https:\/\/www.europesays.com\/fr\/wp-json\/wp\/v2\/tags?post=525012"}],"curies":[{"name":"wp","href":"https:\/\/api.w.org\/{rel}","templated":true}]}}