{"id":525014,"date":"2025-11-10T13:58:11","date_gmt":"2025-11-10T13:58:11","guid":{"rendered":"https:\/\/www.europesays.com\/fr\/525014\/"},"modified":"2025-11-10T13:58:11","modified_gmt":"2025-11-10T13:58:11","slug":"marianne-pousse-un-nouveau-coup-de-gueule-contre-la-production-de-secret-story","status":"publish","type":"post","link":"https:\/\/www.europesays.com\/fr\/525014\/","title":{"rendered":"Marianne pousse un nouveau coup de gueule contre la production de \u00abSecret Story\u00bb"},"content":{"rendered":"<p>    Marianne dans \u00abSecret Story\u00bb saison 13 sur TFX<br \/>\n                Capture d&rsquo;\u00e9cran<\/p>\n<p>\n    L\u2019ancienne candidate de la saison 13 de la t\u00e9l\u00e9r\u00e9alit\u00e9 avait subi plusieurs vagues de haine en ligne suite \u00e0 des propos suppos\u00e9s racistes. Un cyberharc\u00e8lement caus\u00e9, selon elle, par la production du jeu.<\/p>\n<p class=\"fig-paragraph\"><strong>Marianne<\/strong> en a visiblement gros sur le c\u0153ur. La Vosgienne aux onze pr\u00e9noms a fait beaucoup parler d\u2019elle au courant de l\u2019\u00e9t\u00e9 2025, alors qu\u2019elle participait \u00e0 la saison 13 de\u00a0<a href=\"https:\/\/tvmag.lefigaro.fr\/programme-tv\/programme\/secret-story-d651186224\" target=\"_blank\" rel=\"noopener nofollow\" data-gtm-custom-categorie=\"navigation\" data-gtm-custom-action=\"crossclick\" data-gtm-custom-label=\"Contextuel\" data-gtm-event=\"customEventSPE\"><strong>\u00abSecret Story\u00bb<\/strong><\/a>, sur\u00a0<a href=\"https:\/\/tvmag.lefigaro.fr\/programme-tv\/chaine\/446\/tous-les-programmes-de-tfx\" target=\"_blank\" rel=\"noopener nofollow\" data-gtm-custom-categorie=\"navigation\" data-gtm-custom-action=\"crossclick\" data-gtm-custom-label=\"Contextuel\" data-gtm-event=\"customEventSPE\">TFX<\/a>. Sans filtre &#8211; mais n\u2019est-ce pas ce que cherchent les recruteurs de ce type de programmes -, elle s\u2019est retrouv\u00e9e au c\u0153ur d\u2019une pol\u00e9mique, certains internautes jugeant qu\u2019elle avait tenu des propos racistes \u00e0 l\u2019\u00e9gard de deux autres candidates.<\/p>\n<p class=\"fig-paragraph\">L\u2019histoire, bien s\u00fbr, a pris de l\u2019ampleur sur les r\u00e9seaux sociaux, d\u00e9clenchant plusieurs vagues de haine contre elle. Au point que quelques jours apr\u00e8s son \u00e9limination du jeu, Marianne s\u2019est confi\u00e9, en pleurs, dans une vid\u00e9o de Jeremstar. \u00abJe ne sors plus de chez moi. J\u2019ai peur qu\u2019on m\u2019attaque dans la rue, qu\u2019on me reconnaisse. \u00c7a ne s\u2019arr\u00eate pas\u00a0! Pour toujours, je serai Marianne la harceleuse et la raciste de Secret Story 13. Je ne supporte plus tout ce qu\u2019on dit sur moi. J\u2019ai vraiment juste envie de mourir\u00a0!\u00bb, avait-elle d\u00e9clar\u00e9.<\/p>\n<p>                                    <a class=\"fig-a11y-skip a11y-hidden\" href=\"#fig-a11y-skip-main-inarticle\"><br \/>\n        Passer la publicit\u00e9<br \/>\n    <\/a><\/p>\n<p class=\"fig-paragraph\">La situation \u00e9tait devenue tellement critique que la production du jeu pr\u00e9sent\u00e9 par\u00a0<a href=\"https:\/\/www.lefigaro.fr\/tag\/christophe-beaugrand\" target=\"_blank\" rel=\"noopener nofollow\" data-gtm-custom-categorie=\"navigation\" data-gtm-custom-action=\"crossclick\" data-gtm-custom-label=\"Contextuel\" data-gtm-event=\"customEventSPE\">Christophe Beaugrand<\/a>\u00a0avait fait savoir qu\u2019elle envisageait d\u2019hospitaliser la candidate, en proie \u00e0 des pens\u00e9es suicidaires. \u00abMarianne va \u00eatre plac\u00e9e dans une maison de repos. La production est en train de lui chercher une place pour une hospitalisation. [&#8230;] \u00c7a fait plusieurs jours que Marianne \u00e9tait vraiment au fond du trou\u00bb, avait assur\u00e9\u00a0<a href=\"https:\/\/www.lefigaro.fr\/tag\/jeremstar\" target=\"_blank\" rel=\"noopener nofollow\" data-gtm-custom-categorie=\"navigation\" data-gtm-custom-action=\"crossclick\" data-gtm-custom-label=\"Contextuel\" data-gtm-event=\"customEventSPE\">Jeremstar<\/a>\u00a0dans la m\u00eame vid\u00e9o.<\/p>\n<p class=\"fig-paragraph\">Or, pour la jeune femme, la responsabilit\u00e9 de ce cyberharc\u00e8lement est enti\u00e8rement due \u00e0 la production du programme. \u00abVous avez d\u00e9truit ma vie. Comment j\u2019ai pu vous faire confiance\u00a0? \u00c0 cause de vous je vais me foutre en l\u2019air. Avec toutes les images qu\u2019on a montr\u00e9es de moi, c\u2019est normal que les gens pensent \u00e7a de moi. J\u2019en veux \u00e9norm\u00e9ment \u00e0 la production de ne pas se bouger les fesses plus vite\u00bb, s\u2019\u00e9tait-elle exprim\u00e9e.<\/p>\n<p class=\"fig-body-link\">\n            \u00c0 lire aussi<br \/>\n        <a class=\"fig-body-link__link\" href=\"http:\/\/tvmag.lefigaro.fr\/programme-tv\/actu-tele\/j-ai-juste-envie-de-mourir-une-candidate-de-secret-story-hospitalisee-apres-des-pensees-suicidaires-20250710\" target=\"_blank\" data-fig-type=\"Article\" rel=\"noopener nofollow\" data-gtm-custom-categorie=\"navigation\" data-gtm-custom-action=\"crossclick\" data-gtm-custom-label=\"Contextuel\" data-gtm-event=\"customEventSPE\" data-fig-domain=\"TVMAG\"><\/p>\n<p>        \u00abJ\u2019ai juste envie de mourir\u00bb\u00a0: une candidate de \u00abSecret Story\u00bb hospitalis\u00e9e apr\u00e8s des pens\u00e9es suicidaires<br \/>\n    <\/a>\n<\/p>\n<p class=\"fig-paragraph\">Et son opinion, \u00e0 l\u2019\u00e9vidence, n\u2019a pas chang\u00e9. Malgr\u00e9 les mois pass\u00e9s depuis la fin du jeu remport\u00e9 par Romy. Dans une vid\u00e9o live de la candidate diffus\u00e9e ce samedi 8 novembre sur X et alors qu\u2019on lui demandait si elle avait d\u00e9j\u00e0 vu en vrai la Voix, Dominique Duforest de son vrai nom, elle r\u00e9pond\u00a0: \u00abNon, et je l\u2019emmerde. Voil\u00e0. Mais fort\u00a0! J\u2019emmerde tout ce qui est en rapport avec la prod\u2019. Non, je n\u2019ai pas \u00e9t\u00e9 contact\u00e9e pour faire \u201cLa bataille\u00a0: la mal\u00e9diction de l\u2019\u00eele\u201d. Pourquoi\u00a0? Parce que j\u2019ai chial\u00e9. Je suis encore sous contrat deux ans mais je m\u2019en bats les couilles. S\u2019il faut dire un truc, je le dis\u00bb.<\/p>\n<p class=\"fig-paragraph\">L\u2019occasion pour Marianne de s\u2019\u00e9pancher davantage sur une personne de l\u2019\u00e9quipe \u00abSecret Story\u00bb en particulier. \u00abVal\u00e9rie, c\u2019est vraiment la plus grosse vicieuse que j\u2019aie jamais vue de toute mon existence. J\u2019ai tr\u00e8s envie de l\u2019aimer fort (serre les poings). Je l\u2019aime. La Val\u00e9rie, c\u2019est la productrice, et c\u2019est vraiment la pire personne qui existe au monde, je pense\u00bb, affirme-t-elle.<\/p>\n<p class=\"fig-paragraph\">Depuis la fin du programme en ao\u00fbt dernier, la Vosgienne s\u2019est expliqu\u00e9e plusieurs fois sur ses rapports avec la production. Elle assure aujourd\u2019hui \u00eatre en pleine reconstruction. Elle s\u2019est notamment affich\u00e9e dans une tenue d\u2019Halloween fabriqu\u00e9e \u00e0 partir des messages de ses haters, lors d\u2019une soir\u00e9e organis\u00e9e par Jeremstar. Quant \u00e0 son \u00e9tat actuel, cette derni\u00e8re vid\u00e9o en dit trop&#8230; ou pas assez.<\/p>\n","protected":false},"excerpt":{"rendered":"Marianne dans \u00abSecret Story\u00bb saison 13 sur TFX Capture d&rsquo;\u00e9cran L\u2019ancienne candidate de la saison 13 de la&hellip;\n","protected":false},"author":2,"featured_media":525015,"comment_status":"","ping_status":"","sticky":false,"template":"","format":"standard","meta":{"footnotes":""},"categories":[1359],"tags":[5410,58,59,1011,27,973,29901,199],"class_list":{"0":"post-525014","1":"post","2":"type-post","3":"status-publish","4":"format-standard","5":"has-post-thumbnail","7":"category-people","8":"tag-christophe-beaugrand","9":"tag-divertissement","10":"tag-entertainment","11":"tag-fr","12":"tag-france","13":"tag-people","14":"tag-secret-story","15":"tag-tf1"},"share_on_mastodon":{"url":"https:\/\/pubeurope.com\/@fr\/115525760073307405","error":""},"_links":{"self":[{"href":"https:\/\/www.europesays.com\/fr\/wp-json\/wp\/v2\/posts\/525014","targetHints":{"allow":["GET"]}}],"collection":[{"href":"https:\/\/www.europesays.com\/fr\/wp-json\/wp\/v2\/posts"}],"about":[{"href":"https:\/\/www.europesays.com\/fr\/wp-json\/wp\/v2\/types\/post"}],"author":[{"embeddable":true,"href":"https:\/\/www.europesays.com\/fr\/wp-json\/wp\/v2\/users\/2"}],"replies":[{"embeddable":true,"href":"https:\/\/www.europesays.com\/fr\/wp-json\/wp\/v2\/comments?post=525014"}],"version-history":[{"count":0,"href":"https:\/\/www.europesays.com\/fr\/wp-json\/wp\/v2\/posts\/525014\/revisions"}],"wp:featuredmedia":[{"embeddable":true,"href":"https:\/\/www.europesays.com\/fr\/wp-json\/wp\/v2\/media\/525015"}],"wp:attachment":[{"href":"https:\/\/www.europesays.com\/fr\/wp-json\/wp\/v2\/media?parent=525014"}],"wp:term":[{"taxonomy":"category","embeddable":true,"href":"https:\/\/www.europesays.com\/fr\/wp-json\/wp\/v2\/categories?post=525014"},{"taxonomy":"post_tag","embeddable":true,"href":"https:\/\/www.europesays.com\/fr\/wp-json\/wp\/v2\/tags?post=525014"}],"curies":[{"name":"wp","href":"https:\/\/api.w.org\/{rel}","templated":true}]}}