{"id":525016,"date":"2025-11-10T13:59:10","date_gmt":"2025-11-10T13:59:10","guid":{"rendered":"https:\/\/www.europesays.com\/fr\/525016\/"},"modified":"2025-11-10T13:59:10","modified_gmt":"2025-11-10T13:59:10","slug":"denis-brogniart-photo-genante-denfants-dans-son-livre-tout-juste-publie-lanimateur-interpelle","status":"publish","type":"post","link":"https:\/\/www.europesays.com\/fr\/525016\/","title":{"rendered":"Denis Brogniart : photo g\u00eanante d\u2019enfants dans son livre tout juste publi\u00e9, l\u2019animateur interpell\u00e9"},"content":{"rendered":"<p>      R\u00e9sum\u00e9<\/p>\n<p>Denis Brogniart publie un livre photo \u00e9mouvant sur ses voyages, mais une image soul\u00e8ve un d\u00e9bat sur la repr\u00e9sentation du bonheur et de la pauvret\u00e9 en photographie.<\/p>\n<p>        Sommaire<\/p>\n<p>En plus de vingt ans de tournages, de rencontres et d\u2019exp\u00e9ditions \u00e0 travers le monde, <strong>Denis Brogniart<\/strong> n\u2019a cess\u00e9 d\u2019observer les \u00eatres humains avec curiosit\u00e9 et bienveillance. Le pr\u00e9sentateur embl\u00e9matique de l&rsquo;\u00e9mission \u00ab\u00a0Koh-Lanta\u00a0\u00bb s\u2019est toujours voulu t\u00e9moin de la diversit\u00e9 du monde, qu\u2019il s\u2019agisse de ses paysages, de ses peuples ou de ses \u00e9motions. Cette passion, il a choisi de la mat\u00e9rialiser dans <strong>un ouvrage photographique<\/strong> r\u00e9cemment paru aux \u00e9ditions Flammarion, un recueil qui rassemble ses clich\u00e9s les plus marquants, empreints d\u2019humanit\u00e9 et de simplicit\u00e9.<\/p>\n<p>Mais une <strong>photo issue du livre<\/strong> fait l\u2019objet d\u2019une controverse qui relance le d\u00e9bat sur la repr\u00e9sentation de la pauvret\u00e9 et du bonheur dans la photographie de voyage.<\/p>\n<p>Denis Brogniart pr\u00e9sent son nouveau livre <\/p>\n<p>Invit\u00e9 ce lundi 10 novembre 2025 sur le plateau de l\u2019\u00e9mission Les Grandes Gueules sur RMC, Denis Brogniart est venu pr\u00e9senter son ouvrage et \u00e9voquer son rapport \u00e0 la photographie. L\u2019\u00e9change, d\u2019abord cordial, a pris une tournure plus tendue lorsqu\u2019Alain Marshall, coanimateur de l\u2019\u00e9mission, a point\u00e9 du doigt l\u2019une des images du livre.<\/p>\n<p>\u00ab Il y a une photo qui m\u2019a g\u00ean\u00e9, avec une l\u00e9gende qui m\u2019a g\u00ean\u00e9 \u00bb, a-t-il d\u00e9clar\u00e9. \u00ab Page 77, on est au Cambodge. On voit une jeune fille, au milieu de canettes, de la mis\u00e8re. Et il y a \u00e9crit : Le bonheur simple des enfants qui vivent dans la rue&#8230; \u00bb.<\/p>\n<p>Des mots qui ont interpell\u00e9 le journaliste, comme nombre de t\u00e9l\u00e9spectateurs : comment peut-on associer bonheur et mis\u00e8re dans une m\u00eame phrase sans verser dans <strong>une forme de romantisation de la pauvret\u00e9 ?<\/strong><\/p>\n<p>Une mise au point n\u00e9cessaire <\/p>\n<p>Calme, mais visiblement d\u00e9sireux de clarifier les choses, Denis Brogniart a imm\u00e9diatement tenu \u00e0 nuancer la lecture qui avait \u00e9t\u00e9 faite de son clich\u00e9.<\/p>\n<p>\u00ab Non, ils ne sont pas au milieu des d\u00e9chets \u00bb, a-t-il pr\u00e9cis\u00e9 avant d&rsquo;ajouter : \u00ab Cette photo montre des enfants qui vivent au bord de la mer. Ils vivent dans une zone o\u00f9 il n\u2019y a pas grand-chose, mais finalement, on est dans une r\u00e9gion o\u00f9 il n\u2019y a pas de probl\u00e8me religieux, pas de probl\u00e8me politique. Ils mangent relativement \u00e0 leur faim\u2026 Alors \u00e9videmment, on n\u2019est pas dans le m\u00eame confort que nous, mais je vous garantis que ces trois enfants-l\u00e0, ils sont plus heureux que beaucoup d\u2019enfants chez nous en France. J\u2019en suis persuad\u00e9. \u00bb<\/p>\n<p>L\u2019ouvrage de Denis Brogniart se voulait avant tout un t\u00e9moignage. L\u2019animateur, habitu\u00e9 aux grands espaces et aux cultures lointaines, y partage des moments d\u2019humanit\u00e9, captur\u00e9s au hasard de ses voyages. Dans ses clich\u00e9s, il ne cherche pas le spectaculaire, mais le vrai : des sourires d\u2019enfants, des sc\u00e8nes du quotidien, des gestes simples.<\/p>\n<p>\n          Hits &amp; People en continu\n        <\/p>\n<p>\n          Public Radio\n        <\/p>\n<p>      Mentionn\u00e9s dans cet article<\/p>\n<p>      Sur le m\u00eame sujet<\/p>\n","protected":false},"excerpt":{"rendered":"R\u00e9sum\u00e9 Denis Brogniart publie un livre photo \u00e9mouvant sur ses voyages, mais une image soul\u00e8ve un d\u00e9bat sur&hellip;\n","protected":false},"author":2,"featured_media":525017,"comment_status":"","ping_status":"","sticky":false,"template":"","format":"standard","meta":{"footnotes":""},"categories":[1358],"tags":[1348,1384,1385,681,1386,58,59,1011,27,21142,2003],"class_list":{"0":"post-525016","1":"post","2":"type-post","3":"status-publish","4":"format-standard","5":"has-post-thumbnail","7":"category-arts-et-design","8":"tag-arts","9":"tag-arts-and-design","10":"tag-arts-et-design","11":"tag-denis-brogniart","12":"tag-design","13":"tag-divertissement","14":"tag-entertainment","15":"tag-fr","16":"tag-france","17":"tag-les-grandes-gueules","18":"tag-livre"},"share_on_mastodon":{"url":"https:\/\/pubeurope.com\/@fr\/115525763856915774","error":""},"_links":{"self":[{"href":"https:\/\/www.europesays.com\/fr\/wp-json\/wp\/v2\/posts\/525016","targetHints":{"allow":["GET"]}}],"collection":[{"href":"https:\/\/www.europesays.com\/fr\/wp-json\/wp\/v2\/posts"}],"about":[{"href":"https:\/\/www.europesays.com\/fr\/wp-json\/wp\/v2\/types\/post"}],"author":[{"embeddable":true,"href":"https:\/\/www.europesays.com\/fr\/wp-json\/wp\/v2\/users\/2"}],"replies":[{"embeddable":true,"href":"https:\/\/www.europesays.com\/fr\/wp-json\/wp\/v2\/comments?post=525016"}],"version-history":[{"count":0,"href":"https:\/\/www.europesays.com\/fr\/wp-json\/wp\/v2\/posts\/525016\/revisions"}],"wp:featuredmedia":[{"embeddable":true,"href":"https:\/\/www.europesays.com\/fr\/wp-json\/wp\/v2\/media\/525017"}],"wp:attachment":[{"href":"https:\/\/www.europesays.com\/fr\/wp-json\/wp\/v2\/media?parent=525016"}],"wp:term":[{"taxonomy":"category","embeddable":true,"href":"https:\/\/www.europesays.com\/fr\/wp-json\/wp\/v2\/categories?post=525016"},{"taxonomy":"post_tag","embeddable":true,"href":"https:\/\/www.europesays.com\/fr\/wp-json\/wp\/v2\/tags?post=525016"}],"curies":[{"name":"wp","href":"https:\/\/api.w.org\/{rel}","templated":true}]}}