{"id":525026,"date":"2025-11-10T14:05:11","date_gmt":"2025-11-10T14:05:11","guid":{"rendered":"https:\/\/www.europesays.com\/fr\/525026\/"},"modified":"2025-11-10T14:05:11","modified_gmt":"2025-11-10T14:05:11","slug":"cest-une-honte-de-jouer-comme-ca-et-si-neymar-precipitait-son-club-de-santos-en-deuxieme-division","status":"publish","type":"post","link":"https:\/\/www.europesays.com\/fr\/525026\/","title":{"rendered":"\u00ab\u00a0C\u2019est une honte de jouer comme \u00e7a\u00a0\u00bb\u2026 Et si Neymar pr\u00e9cipitait son club de Santos en deuxi\u00e8me division"},"content":{"rendered":"<p><a href=\"https:\/\/www.20minutes.fr\/sport\/football\/4165082-20250724-bresil-but-refuse-embrouille-supporteur-neymar-temps-durs-santos\" target=\"_blank\" class=\"c-link c-link--is-underlined\" rel=\"noopener\">Les temps sont durs, tr\u00e8s durs pour Neymar<\/a>. Battu (3-2) par Flamengo dimanche, son club de Santos reste sur cinq matchs sans victoire et a plong\u00e9 dans la zone rouge du championnat br\u00e9silien. Une situation qui agace et frustre <a href=\"https:\/\/www.20minutes.fr\/sport\/football\/ligue-1\/4174287-20250920-om-psg-faire-taire-stade-joli-luis-enrique-determine-taquin-avant-classique-velodrome\" target=\"_blank\" class=\"c-link c-link--is-underlined\" rel=\"noopener\">l\u2019ancien joueur du PSG<\/a>, qui a perdu ses nerfs contre le Meng\u00e3o, notamment \u00e0 propos de l\u2019arbitre, dont il a qualifi\u00e9 la prestation de \u00ab\u00a0lamentable\u00a0\u00bb \u00e0 la mi-temps.<\/p>\n<blockquote class=\"twitter-tweet\" align=\"center\" data-lang=\"fr_FR\">\n<p lang=\"pt\" dir=\"ltr\">O Fim do Neymar \u00e9 pat\u00e9tico, mas o fim do Santos \u00e9 mais pat\u00e9tico ainda.<\/p>\n<p>Neymar saiu reclamando, botou press\u00e3o pra cima do tecnico e foi direto pra o vesti\u00e1rio enquanto toma 3. <\/p>\n<p>O cara pat\u00e9tico em fim de carreira manda e desmanda no clube.<\/p>\n<p>Santos acabou, que bagulho pat\u00e9tico. <a href=\"https:\/\/t.co\/XGhcdHwSw4\">pic.twitter.com\/XGhcdHwSw4<\/a><\/p>\n<p>\u2014 Ceo Da Acaraj\u00e9 (@AcarajeCeo) <a href=\"https:\/\/twitter.com\/AcarajeCeo\/status\/1987661324931813481?ref_src=twsrc%5Etfw\" target=\"_blank\" rel=\"noopener\">November 9, 2025<\/a><\/p><\/blockquote>\n<p class=\"mb-xxl@xs color-ultramarine font-weight-semi-bold@xs font-source-serif-pro heading-s@xs\">L\u2019acc\u00e8s \u00e0 ce contenu a \u00e9t\u00e9 bloqu\u00e9 afin de respecter votre choix de consentement<\/p>\n<p class=\"mb-m@xs text-l@xs\">En cliquant sur\u00ab J\u2019accepte \u00bb, vous acceptez le d\u00e9p\u00f4t de cookies par des services externes et aurez ainsi acc\u00e8s aux contenus de nos partenaires.<\/p>\n<p class=\"mb-xl@xs text-s@xs\">Plus d\u2019informations sur la page<a href=\"https:\/\/www.20minutes.fr\/gestion-cookies\" class=\"mx-xxs@xs color-ultramarine\" target=\"_blank\" rel=\"noopener\">Politique de gestion des cookies<\/a><\/p>\n<p>J\u2019accepte<\/p>\n<p>\u00ab\u00a0En plus d\u2019\u00eatre mauvais, et avec tout le respect que je lui dois, il est arrogant, a expliqu\u00e9 le n\u00b010 \u00e0 la mi-temps sur TNT Sports, dans des propos relay\u00e9s par <a href=\"https:\/\/rmcsport.bfmtv.com\/football\/caprices-colere-neymar-accuse-de-precipiter-santos-vers-la-relegation-apres-un-match-honteux_AV-202511100356.html\" rel=\"nofollow noopener\" target=\"_blank\" class=\"c-link c-link--is-underlined\">RMC Sports<\/a>. \u00c0 chaque fois qu\u2019ils vont aux vestiaires, ils disent que seul le capitaine a le droit de parler. Quand on essaie de lui parler, il nous tourne le dos et s\u2019enfuit. Quand je lui parle, il nous menace. L\u2019arrogance de l\u2019arbitre aujourd\u2019hui, dont j\u2019ignore m\u00eame le nom, est inadmissible.\u00a0\u00bb<\/p>\n<p>\u00ab\u00a0Il n\u2019a rien fait du match\u00a0\u00bb<\/p>\n<p>Mais le petit prince br\u00e9silien, qui a perdu son titre de noblesse depuis plusieurs mois maintenant, continue de livrer des performances compliqu\u00e9es, comme toute son \u00e9quipe, au point de venir lui-m\u00eame tirer un six-m\u00e8tres. Sa prestation face \u00e0 Flamengo lui a valu d\u2019\u00eatre sorti au cours de la deuxi\u00e8me p\u00e9riode. Un changement qui a mis <a href=\"https:\/\/www.20minutes.fr\/sport\/neymar\/\" target=\"_blank\" class=\"c-link c-link--is-underlined\" rel=\"noopener\">Neymar<\/a> une nouvelle fois en col\u00e8re.<\/p>\n<p>\u00ab\u00a0Il n\u2019a rien fait du match, bon sang, a comment\u00e9 l\u2019ancien international br\u00e9silien Neto. Vous avez juste tourn\u00e9 en rond sur le terrain. Vous \u00eates all\u00e9s en Formule 1 [pour assister au GP du Br\u00e9sil], vous avez rencontr\u00e9 les pilotes l\u00e0-bas, vous avez \u00e9t\u00e9 titulaire et vous n\u2019avez pas jou\u00e9. C\u2019est une honte de jouer au football [comme \u00e7a].\u00a0\u00bb<\/p>\n<\/p>\n<p>Quelques minutes pr\u00e8s son remplacement, Neymar a vu ses partenaires marquer deux buts en toute fin de match et croire \u00e0 une remontada exceptionnelle face \u00e0 Flamengo. En vain, l\u2019ancien club de Pel\u00e9 est d\u00e9sormais 17e et premier rel\u00e9gable du championnat br\u00e9silien. Il reste six matchs, dont trois face au top 4, \u00e0 Santos pour \u00e9viter la rel\u00e9gation.<\/p>\n<p><script async src=\"https:\/\/platform.twitter.com\/widgets.js\" charset=\"utf-8\"><\/script><\/p>\n","protected":false},"excerpt":{"rendered":"Les temps sont durs, tr\u00e8s durs pour Neymar. Battu (3-2) par Flamengo dimanche, son club de Santos reste&hellip;\n","protected":false},"author":2,"featured_media":525027,"comment_status":"","ping_status":"","sticky":false,"template":"","format":"standard","meta":{"footnotes":""},"categories":[9],"tags":[2548,64487,63,1011,27,23921,517,60],"class_list":{"0":"post-525026","1":"post","2":"type-post","3":"status-publish","4":"format-standard","5":"has-post-thumbnail","7":"category-sports","8":"tag-bresil","9":"tag-flamengo","10":"tag-football","11":"tag-fr","12":"tag-france","13":"tag-neymar","14":"tag-sport","15":"tag-sports"},"share_on_mastodon":{"url":"https:\/\/pubeurope.com\/@fr\/115525787653718411","error":""},"_links":{"self":[{"href":"https:\/\/www.europesays.com\/fr\/wp-json\/wp\/v2\/posts\/525026","targetHints":{"allow":["GET"]}}],"collection":[{"href":"https:\/\/www.europesays.com\/fr\/wp-json\/wp\/v2\/posts"}],"about":[{"href":"https:\/\/www.europesays.com\/fr\/wp-json\/wp\/v2\/types\/post"}],"author":[{"embeddable":true,"href":"https:\/\/www.europesays.com\/fr\/wp-json\/wp\/v2\/users\/2"}],"replies":[{"embeddable":true,"href":"https:\/\/www.europesays.com\/fr\/wp-json\/wp\/v2\/comments?post=525026"}],"version-history":[{"count":0,"href":"https:\/\/www.europesays.com\/fr\/wp-json\/wp\/v2\/posts\/525026\/revisions"}],"wp:featuredmedia":[{"embeddable":true,"href":"https:\/\/www.europesays.com\/fr\/wp-json\/wp\/v2\/media\/525027"}],"wp:attachment":[{"href":"https:\/\/www.europesays.com\/fr\/wp-json\/wp\/v2\/media?parent=525026"}],"wp:term":[{"taxonomy":"category","embeddable":true,"href":"https:\/\/www.europesays.com\/fr\/wp-json\/wp\/v2\/categories?post=525026"},{"taxonomy":"post_tag","embeddable":true,"href":"https:\/\/www.europesays.com\/fr\/wp-json\/wp\/v2\/tags?post=525026"}],"curies":[{"name":"wp","href":"https:\/\/api.w.org\/{rel}","templated":true}]}}