{"id":525034,"date":"2025-11-10T14:09:12","date_gmt":"2025-11-10T14:09:12","guid":{"rendered":"https:\/\/www.europesays.com\/fr\/525034\/"},"modified":"2025-11-10T14:09:12","modified_gmt":"2025-11-10T14:09:12","slug":"de-nouvelles-frappes-americaines-contre-deux-bateaux-de-narcotrafiquants-presumes-font-six-morts-dans-le-pacifique","status":"publish","type":"post","link":"https:\/\/www.europesays.com\/fr\/525034\/","title":{"rendered":"De nouvelles frappes am\u00e9ricaines contre deux bateaux de narcotrafiquants pr\u00e9sum\u00e9s font six morts dans le Pacifique"},"content":{"rendered":"<p>\n    Washington affirme que ces navires \u00e9taient li\u00e9s au trafic de drogue, tandis que certains experts d\u00e9noncent des \u00abex\u00e9cutions extrajudiciaires\u00bb.<\/p>\n<p class=\"fig-paragraph\">Les\u00a0<a href=\"http:\/\/www.lefigaro.fr\/international\/shutdown-aux-etats-unis-la-paralysie-budgetaire-expliquee-en-trois-infographies-20251001\" data-fig-type=\"NewsFlash\" data-gtm-custom-categorie=\"navigation\" data-gtm-custom-action=\"crossclick\" data-gtm-custom-label=\"Contextuel\" data-gtm-event=\"customEventSPE\" data-fig-domain=\"LEFIGARO\" target=\"_blank\" rel=\"noopener\">\u00c9tats-Unis<\/a>\u00a0ont frapp\u00e9 dimanche\u00a0<a href=\"http:\/\/www.lefigaro.fr\/flash-actu\/nouvelle-frappe-americaine-contre-une-embarcation-de-narcotrafiquants-presumes-dans-le-pacifique-est-20251105\" data-fig-type=\"NewsFlash\" data-gtm-custom-categorie=\"navigation\" data-gtm-custom-action=\"crossclick\" data-gtm-custom-label=\"Contextuel\" data-gtm-event=\"customEventSPE\" data-fig-domain=\"LEFIGARO\" target=\"_blank\" rel=\"noopener\">deux bateaux de narcotrafiquants<\/a>\u00a0pr\u00e9sum\u00e9s dans l\u2019est du Pacifique, tuant les six occupants, a annonc\u00e9 lundi le ministre de la D\u00e9fense, portant \u00e0 au moins 76 le nombre de personnes ainsi tu\u00e9es par Washington dans cette campagne militaire vivement critiqu\u00e9e.<\/p>\n<p class=\"fig-paragraph\">\u00abCes navires \u00e9taient connus par nos services de renseignement comme \u00e9tant associ\u00e9s \u00e0 du trafic ill\u00e9gal de drogue\u00bb, a \u00e9crit\u00a0<a href=\"https:\/\/x.com\/SecWar\/status\/1987863821868732447?s=20\" target=\"_blank\" rel=\"sponsored noopener\" data-gtm-custom-categorie=\"navigation\" data-gtm-custom-action=\"crossclick\" data-gtm-custom-label=\"Contextuel\" data-gtm-event=\"customEventSPE\">Pete Hegseth sur X<\/a>, en diffusant une vid\u00e9o de l\u2019attaque. Les frappes ont \u00e9t\u00e9 men\u00e9es dans les eaux internationales contre deux navires \u00abmen\u00e9s par une organisation d\u00e9sign\u00e9e comme terroriste,\u00bb a-t-il ajout\u00e9.<\/p>\n<p>                                    <a class=\"fig-a11y-skip a11y-hidden\" href=\"#fig-a11y-skip-main-inarticle\"><br \/>\n        Passer la publicit\u00e9<br \/>\n    <\/a><\/p>\n<p class=\"fig-paragraph\">\u00abAvec le pr\u00e9sident Trump, nous prot\u00e9geons la patrie et tuons ces terroristes, membre de cartels, qui cherchent \u00e0 faire du mal \u00e0 notre pays et nos concitoyens\u00bb, a-t-il encore \u00e9crit sur le r\u00e9seau social.<\/p>\n<p>Des \u00abex\u00e9cutions extrajudiciaires\u00bb<\/p>\n<p class=\"fig-paragraph\">Les \u00c9tats-Unis proc\u00e8dent depuis d\u00e9but septembre \u00e0 des\u00a0<a href=\"https:\/\/video.lefigaro.fr\/figaro\/international\/etats-unis-11-narcoterroristes-tues-par-une-frappe-lors-dune-operation-militaire-dans-les-caraibes-20250903\" data-fig-type=\"Video\" data-gtm-custom-categorie=\"navigation\" data-gtm-custom-action=\"crossclick\" data-gtm-custom-label=\"Contextuel\" data-gtm-event=\"customEventSPE\" data-fig-domain=\"LEFIGARO\" target=\"_blank\" rel=\"noopener\">frappes a\u00e9riennes r\u00e9guli\u00e8res dans le Pacifique<\/a>\u00a0et surtout dans les Cara\u00efbes contre des bateaux pr\u00e9sent\u00e9s par Washington comme appartenant \u00e0 des\u00a0<a href=\"http:\/\/www.lefigaro.fr\/international\/washington-elabore-des-options-pour-cibler-les-trafiquants-de-drogue-a-l-interieur-du-venezuela-selon-nbc-20250927\" data-fig-type=\"NewsFlash\" data-gtm-custom-categorie=\"navigation\" data-gtm-custom-action=\"crossclick\" data-gtm-custom-label=\"Contextuel\" data-gtm-event=\"customEventSPE\" data-fig-domain=\"LEFIGARO\" target=\"_blank\" rel=\"noopener\">trafiquants de drogue<\/a>. Des experts ont alert\u00e9 sur le fait qu\u2019elles s\u2019apparentent \u00e0 des \u00abex\u00e9cutions extrajudiciaires\u00bb, m\u00eame lorsqu\u2019elles visent des trafiquants av\u00e9r\u00e9s, les suspects n\u2019ayant visiblement \u00e9t\u00e9 ni interpell\u00e9s ni interrog\u00e9s avant les tirs.<\/p>\n<p class=\"fig-paragraph\">Avec les frappes de dimanche, ce sont d\u00e9sormais 20 embarcations qui ont \u00e9t\u00e9 vis\u00e9es par les \u00c9tats-Unis depuis le d\u00e9but de cette campagne tr\u00e8s contest\u00e9e, pour un total d\u2019au moins 76 morts, selon un d\u00e9compte de l\u2019AFP \u00e0 partir des chiffres des autorit\u00e9s am\u00e9ricaines.<\/p>\n<p class=\"fig-paragraph\">Le gouvernement am\u00e9ricain a men\u00e9 ces frappes sans apporter la preuve de liens entre leurs \u00e9quipages et le narcotrafic. Le pr\u00e9sident am\u00e9ricain justifie, lui, ce d\u00e9ploiement au nom du conflit arm\u00e9 contre des gangs class\u00e9s \u00abterroristes\u00bb. Donald Trump accuse notamment le pr\u00e9sident v\u00e9n\u00e9zu\u00e9lien\u00a0<a href=\"http:\/\/www.lefigaro.fr\/international\/ses-jours-sont-comptes-un-senateur-americain-conseille-a-nicolas-maduro-de-se-rendre-en-russie-ou-en-chine-des-maintenant-20251027\" data-fig-type=\"NewsFlash\" data-gtm-custom-categorie=\"navigation\" data-gtm-custom-action=\"crossclick\" data-gtm-custom-label=\"Contextuel\" data-gtm-event=\"customEventSPE\" data-fig-domain=\"LEFIGARO\" target=\"_blank\" rel=\"noopener\">Nicol\u00e1s Maduro<\/a>\u00a0de faire partie d\u2019un cartel. Ce dernier d\u00e9ment et d\u00e9nonce des tentatives de d\u00e9stabilisation de son pouvoir par les \u00c9tats-Unis. Washington a d\u00e9ploy\u00e9 de nombreux navires de guerre et avions de chasse dans la r\u00e9gion, et un porte-avions a \u00e9galement \u00e9t\u00e9 d\u00e9p\u00each\u00e9 vers la zone.<\/p>\n<p class=\"fig-paragraph\">Des gouvernements et les familles des victimes des attaques am\u00e9ricaines affirment que de nombreuses personnes tu\u00e9es \u00e9taient des civils, principalement des p\u00eacheurs. Le Haut-Commissaire de l\u2019ONU aux droits de l\u2019Homme, Volker T\u00fcrk, a appel\u00e9 fin octobre les \u00c9tats-Unis \u00e0 cesser ces op\u00e9rations, d\u00e9non\u00e7ant des \u00abex\u00e9cutions extrajudiciaires\u00bb et r\u00e9clamant des enqu\u00eates \u00abrapides, ind\u00e9pendantes et transparentes\u00bb.<\/p>\n","protected":false},"excerpt":{"rendered":"Washington affirme que ces navires \u00e9taient li\u00e9s au trafic de drogue, tandis que certains experts d\u00e9noncent des \u00abex\u00e9cutions&hellip;\n","protected":false},"author":2,"featured_media":525035,"comment_status":"","ping_status":"","sticky":false,"template":"","format":"standard","meta":{"footnotes":""},"categories":[5],"tags":[11,73,1011,27,14,8721,12,11308,28],"class_list":{"0":"post-525034","1":"post","2":"type-post","3":"status-publish","4":"format-standard","5":"has-post-thumbnail","7":"category-international","8":"tag-actualites","9":"tag-etats-unis","10":"tag-fr","11":"tag-france","12":"tag-international","13":"tag-narcotrafic","14":"tag-news","15":"tag-pacifique","16":"tag-world"},"share_on_mastodon":{"url":"https:\/\/pubeurope.com\/@fr\/115525803364962003","error":""},"_links":{"self":[{"href":"https:\/\/www.europesays.com\/fr\/wp-json\/wp\/v2\/posts\/525034","targetHints":{"allow":["GET"]}}],"collection":[{"href":"https:\/\/www.europesays.com\/fr\/wp-json\/wp\/v2\/posts"}],"about":[{"href":"https:\/\/www.europesays.com\/fr\/wp-json\/wp\/v2\/types\/post"}],"author":[{"embeddable":true,"href":"https:\/\/www.europesays.com\/fr\/wp-json\/wp\/v2\/users\/2"}],"replies":[{"embeddable":true,"href":"https:\/\/www.europesays.com\/fr\/wp-json\/wp\/v2\/comments?post=525034"}],"version-history":[{"count":0,"href":"https:\/\/www.europesays.com\/fr\/wp-json\/wp\/v2\/posts\/525034\/revisions"}],"wp:featuredmedia":[{"embeddable":true,"href":"https:\/\/www.europesays.com\/fr\/wp-json\/wp\/v2\/media\/525035"}],"wp:attachment":[{"href":"https:\/\/www.europesays.com\/fr\/wp-json\/wp\/v2\/media?parent=525034"}],"wp:term":[{"taxonomy":"category","embeddable":true,"href":"https:\/\/www.europesays.com\/fr\/wp-json\/wp\/v2\/categories?post=525034"},{"taxonomy":"post_tag","embeddable":true,"href":"https:\/\/www.europesays.com\/fr\/wp-json\/wp\/v2\/tags?post=525034"}],"curies":[{"name":"wp","href":"https:\/\/api.w.org\/{rel}","templated":true}]}}