{"id":525036,"date":"2025-11-10T14:10:16","date_gmt":"2025-11-10T14:10:16","guid":{"rendered":"https:\/\/www.europesays.com\/fr\/525036\/"},"modified":"2025-11-10T14:10:16","modified_gmt":"2025-11-10T14:10:16","slug":"en-direct-nicolas-sarkozy-sa-demande-de-mise-en-liberte-acceptee-lex-president-est-sorti-de-prison","status":"publish","type":"post","link":"https:\/\/www.europesays.com\/fr\/525036\/","title":{"rendered":"EN DIRECT &#8211; Nicolas Sarkozy : sa demande de mise en libert\u00e9 accept\u00e9e, l&rsquo;ex-pr\u00e9sident est sorti de prison"},"content":{"rendered":"<p>      Xavier BErtrand \u00ab\u00a0souhaite\u00a0\u00bb que Nicolas Sarkozy soit lib\u00e9r\u00e9<\/p>\n<p>Plusieurs repr\u00e9sentants de la droite ont appel\u00e9 de leurs v\u0153ux<strong> la sortie de prison de l&rsquo;ancien pr\u00e9sident Nicolas Sarkozy<\/strong>, dont la cour d&rsquo;appel de Paris \u00e9tudie la demande de mise en libert\u00e9 vingt jours apr\u00e8s le d\u00e9but de son incarc\u00e9ration.<\/p>\n<p><strong>Xavier Bertrand, le pr\u00e9sident LR des Hauts-de-France<\/strong>, a affirm\u00e9 sur France 2 qu&rsquo;il \u00ab\u00a0souhaite\u00a0\u00bb que Nicolas Sarkozy sorte de prison.\u00a0\u00ab\u00a0Ce sont les magistrats qui d\u00e9cideront. Mais s&rsquo;il sort le plus rapidement possible, je pense que \u00e7a fera plaisir \u00e0 beaucoup de monde\u00a0\u00bb, a ajout\u00e9 cet ancien ministre sous la pr\u00e9sidence de Nicolas Sarkozy.<\/p>\n<p>La porte-parole des R\u00e9publicains, Agn\u00e8s Evren, a elle dit sur Radio J croire \u00ab\u00a0profond\u00e9ment\u00a0\u00bb \u00e0 sa lib\u00e9ration car \u00ab\u00a0il est pr\u00e9sum\u00e9 innocent, et un ancien chef d&rsquo;\u00c9tat qui se retrouve derri\u00e8re les barreaux alors qu&rsquo;il a fait appel, honn\u00eatement, <strong>c&rsquo;est un non-sens<\/strong>\u00ab\u00a0.&#13;&#13;&#13;&#13;&#13;<\/p>\n<p>Partager<\/p>\n","protected":false},"excerpt":{"rendered":"Xavier BErtrand \u00ab\u00a0souhaite\u00a0\u00bb que Nicolas Sarkozy soit lib\u00e9r\u00e9 Plusieurs repr\u00e9sentants de la droite ont appel\u00e9 de leurs v\u0153ux&hellip;\n","protected":false},"author":2,"featured_media":525037,"comment_status":"","ping_status":"","sticky":false,"template":"","format":"standard","meta":{"footnotes":""},"categories":[4],"tags":[11,898,9856,107,1011,27,303,1249,12,3091,316,25],"class_list":{"0":"post-525036","1":"post","2":"type-post","3":"status-publish","4":"format-standard","5":"has-post-thumbnail","7":"category-france","8":"tag-actualites","9":"tag-alerte","10":"tag-cour-dappel","11":"tag-fil-info","12":"tag-fr","13":"tag-france","14":"tag-justice","15":"tag-justice-francaise","16":"tag-news","17":"tag-nicolas-sarkozy","18":"tag-politique","19":"tag-republique-francaise"},"share_on_mastodon":{"url":"https:\/\/pubeurope.com\/@fr\/115525807307201066","error":""},"_links":{"self":[{"href":"https:\/\/www.europesays.com\/fr\/wp-json\/wp\/v2\/posts\/525036","targetHints":{"allow":["GET"]}}],"collection":[{"href":"https:\/\/www.europesays.com\/fr\/wp-json\/wp\/v2\/posts"}],"about":[{"href":"https:\/\/www.europesays.com\/fr\/wp-json\/wp\/v2\/types\/post"}],"author":[{"embeddable":true,"href":"https:\/\/www.europesays.com\/fr\/wp-json\/wp\/v2\/users\/2"}],"replies":[{"embeddable":true,"href":"https:\/\/www.europesays.com\/fr\/wp-json\/wp\/v2\/comments?post=525036"}],"version-history":[{"count":0,"href":"https:\/\/www.europesays.com\/fr\/wp-json\/wp\/v2\/posts\/525036\/revisions"}],"wp:featuredmedia":[{"embeddable":true,"href":"https:\/\/www.europesays.com\/fr\/wp-json\/wp\/v2\/media\/525037"}],"wp:attachment":[{"href":"https:\/\/www.europesays.com\/fr\/wp-json\/wp\/v2\/media?parent=525036"}],"wp:term":[{"taxonomy":"category","embeddable":true,"href":"https:\/\/www.europesays.com\/fr\/wp-json\/wp\/v2\/categories?post=525036"},{"taxonomy":"post_tag","embeddable":true,"href":"https:\/\/www.europesays.com\/fr\/wp-json\/wp\/v2\/tags?post=525036"}],"curies":[{"name":"wp","href":"https:\/\/api.w.org\/{rel}","templated":true}]}}