{"id":525042,"date":"2025-11-10T14:13:13","date_gmt":"2025-11-10T14:13:13","guid":{"rendered":"https:\/\/www.europesays.com\/fr\/525042\/"},"modified":"2025-11-10T14:13:13","modified_gmt":"2025-11-10T14:13:13","slug":"football-coupe-de-france-as-quetigny-3","status":"publish","type":"post","link":"https:\/\/www.europesays.com\/fr\/525042\/","title":{"rendered":"Football &#8211; Coupe de France. AS Quetigny"},"content":{"rendered":"<p>Les fans avaient v\u00e9cu une vraie douche froide vendredi 7 novembre. Seulement quelques heures apr\u00e8s son ouverture, la billetterie pour le match de gala opposant l&rsquo;AS Quetigny et l&rsquo;AS Saint-Etienne\u00a0pour le compte de la Coupe de France avait \u00e9t\u00e9 brusquement\u00a0suspendue, pour des questions de s\u00e9curit\u00e9.<\/p>\n<p>En cause selon\u00a0le d\u00e9l\u00e9gu\u00e9 \u00e0 la s\u00e9curit\u00e9 de la F\u00e9d\u00e9ration fran\u00e7aise de football : les supporters de l&rsquo;AS Saint-\u00c9tienne, dont le nombre pourrait d\u00e9passer les places de parcage visiteurs au stade\u00a0Gaston-G\u00e9rard, \u00e0 DIjon, o\u00f9 doit se tenir le match le 15 novembre.<\/p>\n<p>Les guichets rouverts mardi 11 novembre \u00e0 14 heures<\/p>\n<p>Finalement, la billetterie sera de nouveau accessible \u00e0 partir du mardi 11 novembre, \u00e0 14 heures.<\/p>\n<p>Pour rappel, le match entre le leader du groupe B en R\u00e9gional 2 (Ligue BFC) et l&rsquo;actuel 3e\u00a0de Ligue 2\u00a0doit se disputer le samedi 15 novembre \u00e0 20 h 30,\u00a0<a href=\"https:\/\/www.bienpublic.com\/sport\/2025\/11\/04\/as-quetigny-as-saint-etienne-sur-bein-sports\" target=\"_blank\" rel=\"nofollow noopener\">apr\u00e8s que Quetigny ait \u00e9t\u00e9 assur\u00e9 de jouer sur la pelouse de Gaston-G\u00e9rard<\/a>.\u00a0Il sera aussi\u00a0diffus\u00e9 sur les antennes de beIN Sports.<\/p>\n","protected":false},"excerpt":{"rendered":"Les fans avaient v\u00e9cu une vraie douche froide vendredi 7 novembre. Seulement quelques heures apr\u00e8s son ouverture, la&hellip;\n","protected":false},"author":2,"featured_media":525043,"comment_status":"","ping_status":"","sticky":false,"template":"","format":"standard","meta":{"footnotes":""},"categories":[9653],"tags":[1111,11,2430,2931,2930,1777,674,107,63,1011,27,12,62020,25,4001,517],"class_list":{"0":"post-525042","1":"post","2":"type-post","3":"status-publish","4":"format-standard","5":"has-post-thumbnail","7":"category-saint-etienne","8":"tag-actu","9":"tag-actualites","10":"tag-auvergne-rhone-alpes","11":"tag-cote-dor","12":"tag-dijon","13":"tag-eu","14":"tag-europe","15":"tag-fil-info","16":"tag-football","17":"tag-fr","18":"tag-france","19":"tag-news","20":"tag-quetigny","21":"tag-republique-francaise","22":"tag-saint-etienne","23":"tag-sport"},"share_on_mastodon":{"url":"https:\/\/pubeurope.com\/@fr\/115525819127764960","error":""},"_links":{"self":[{"href":"https:\/\/www.europesays.com\/fr\/wp-json\/wp\/v2\/posts\/525042","targetHints":{"allow":["GET"]}}],"collection":[{"href":"https:\/\/www.europesays.com\/fr\/wp-json\/wp\/v2\/posts"}],"about":[{"href":"https:\/\/www.europesays.com\/fr\/wp-json\/wp\/v2\/types\/post"}],"author":[{"embeddable":true,"href":"https:\/\/www.europesays.com\/fr\/wp-json\/wp\/v2\/users\/2"}],"replies":[{"embeddable":true,"href":"https:\/\/www.europesays.com\/fr\/wp-json\/wp\/v2\/comments?post=525042"}],"version-history":[{"count":0,"href":"https:\/\/www.europesays.com\/fr\/wp-json\/wp\/v2\/posts\/525042\/revisions"}],"wp:featuredmedia":[{"embeddable":true,"href":"https:\/\/www.europesays.com\/fr\/wp-json\/wp\/v2\/media\/525043"}],"wp:attachment":[{"href":"https:\/\/www.europesays.com\/fr\/wp-json\/wp\/v2\/media?parent=525042"}],"wp:term":[{"taxonomy":"category","embeddable":true,"href":"https:\/\/www.europesays.com\/fr\/wp-json\/wp\/v2\/categories?post=525042"},{"taxonomy":"post_tag","embeddable":true,"href":"https:\/\/www.europesays.com\/fr\/wp-json\/wp\/v2\/tags?post=525042"}],"curies":[{"name":"wp","href":"https:\/\/api.w.org\/{rel}","templated":true}]}}