{"id":525048,"date":"2025-11-10T14:16:13","date_gmt":"2025-11-10T14:16:13","guid":{"rendered":"https:\/\/www.europesays.com\/fr\/525048\/"},"modified":"2025-11-10T14:16:13","modified_gmt":"2025-11-10T14:16:13","slug":"vieillir-au-pradet-est-agreable","status":"publish","type":"post","link":"https:\/\/www.europesays.com\/fr\/525048\/","title":{"rendered":"Vieillir au Pradet est agr\u00e9able !"},"content":{"rendered":"<p>                    <img loading=\"lazy\" decoding=\"async\" src=\"https:\/\/www.europesays.com\/fr\/wp-content\/uploads\/2025\/11\/2f3d6b4bd52618a9ce03010b6a0bb7.jpg\" class=\"img-responsive post-image\" width=\"680\" height=\"510\" alt=\"Vieillir au Pradet est\" title=\" Vieillir au Pradet est agr\u00e9able !\"\/><\/p>\n<p class=\"chapo\">Outre le climat m\u00e9diterran\u00e9en et la pr\u00e9servation de l\u2019environnement, qui favorisent un agr\u00e9able sentiment de bien-\u00eatre, la Ville a multipli\u00e9 les activit\u00e9s \u00e0 destination des seniors.<\/p>\n<p>La cr\u00e9ation de la <strong>Carte partage<\/strong>, v\u00e9ritable succ\u00e8s, en la preuve\u00a0! En effet, il y a un an, la commune lan\u00e7ait le projet \u00ab\u00a0animation +60 ans\u00a0\u00bb en proposant des animations, des sorties, des ateliers dans plusieurs domaines \u00e0 tous les Prad\u00e9tans de plus de 60 ans. Avec plus de 700 adh\u00e9rents, la Carte \u00ab\u00a0Partage\u00a0\u00bb, cr\u00e9\u00e9e par<strong> Herv\u00e9 Stassinos<\/strong>, le maire, a remport\u00e9 un grand succ\u00e8s aupr\u00e8s des seniors. Pour b\u00e9n\u00e9ficier de ces activit\u00e9s, il suffit d\u2019adh\u00e9rer \u00e0 la Carte \u00ab\u00a0Partage\u00a0\u00bb. Pour les retardataires, n\u2019h\u00e9sitez plus et rejoignez la Carte \u00ab\u00a0Partage\u00a0\u00bb pour des moments de convivialit\u00e9\u00a0!<\/p>\n<p>LES PRINCIPALES REALISATIONS <\/p>\n<p>Cr\u00e9ation de la Carte Partage \u00e0 destination des +60 ans\u00a0: ateliers, animations, activit\u00e9s, sorties mensuelles, etc.,<br class=\"autobr\"\/><br \/>\nDiversification des activit\u00e9s du Pass Sport senior et proposition de deux sorties le week-end,<br class=\"autobr\"\/><br \/>\nConf\u00e9rences de sensibilisation \u00e0 destination des seniors par la Police municipale\u00a0: s\u00e9curit\u00e9, arnaques, cyber malveillance, accidents domestiques, etc.,<br class=\"autobr\"\/><br \/>\nOrganisation et animations d\u2019activit\u00e9s sportives pour la Carte Partage et lors des festivit\u00e9s (Saint-Pierre, privatisation du chapiteau lors de la F\u00eate de la Bi\u00e8re et du Mondial de la Moule\u2026).<\/p>\n<p>Photo de Une\u00a0: \u00a9 PRESSE AGENCE<\/p>\n","protected":false},"excerpt":{"rendered":"Outre le climat m\u00e9diterran\u00e9en et la pr\u00e9servation de l\u2019environnement, qui favorisent un agr\u00e9able sentiment de bien-\u00eatre, la Ville&hellip;\n","protected":false},"author":2,"featured_media":525049,"comment_status":"","ping_status":"","sticky":false,"template":"","format":"standard","meta":{"footnotes":""},"categories":[9619],"tags":[1111,11,2408,1777,674,1011,27,12,882,25,2310],"class_list":{"0":"post-525048","1":"post","2":"type-post","3":"status-publish","4":"format-standard","5":"has-post-thumbnail","7":"category-toulon","8":"tag-actu","9":"tag-actualites","10":"tag-appels-d","11":"tag-eu","12":"tag-europe","13":"tag-fr","14":"tag-france","15":"tag-news","16":"tag-provence-alpes-cote-dazur","17":"tag-republique-francaise","18":"tag-toulon"},"share_on_mastodon":{"url":"https:\/\/pubeurope.com\/@fr\/115525831491040174","error":""},"_links":{"self":[{"href":"https:\/\/www.europesays.com\/fr\/wp-json\/wp\/v2\/posts\/525048","targetHints":{"allow":["GET"]}}],"collection":[{"href":"https:\/\/www.europesays.com\/fr\/wp-json\/wp\/v2\/posts"}],"about":[{"href":"https:\/\/www.europesays.com\/fr\/wp-json\/wp\/v2\/types\/post"}],"author":[{"embeddable":true,"href":"https:\/\/www.europesays.com\/fr\/wp-json\/wp\/v2\/users\/2"}],"replies":[{"embeddable":true,"href":"https:\/\/www.europesays.com\/fr\/wp-json\/wp\/v2\/comments?post=525048"}],"version-history":[{"count":0,"href":"https:\/\/www.europesays.com\/fr\/wp-json\/wp\/v2\/posts\/525048\/revisions"}],"wp:featuredmedia":[{"embeddable":true,"href":"https:\/\/www.europesays.com\/fr\/wp-json\/wp\/v2\/media\/525049"}],"wp:attachment":[{"href":"https:\/\/www.europesays.com\/fr\/wp-json\/wp\/v2\/media?parent=525048"}],"wp:term":[{"taxonomy":"category","embeddable":true,"href":"https:\/\/www.europesays.com\/fr\/wp-json\/wp\/v2\/categories?post=525048"},{"taxonomy":"post_tag","embeddable":true,"href":"https:\/\/www.europesays.com\/fr\/wp-json\/wp\/v2\/tags?post=525048"}],"curies":[{"name":"wp","href":"https:\/\/api.w.org\/{rel}","templated":true}]}}