{"id":525054,"date":"2025-11-10T14:19:16","date_gmt":"2025-11-10T14:19:16","guid":{"rendered":"https:\/\/www.europesays.com\/fr\/525054\/"},"modified":"2025-11-10T14:19:16","modified_gmt":"2025-11-10T14:19:16","slug":"la-9e-edition-dart-montpellier-sinstalle-au-parc-des-expositions","status":"publish","type":"post","link":"https:\/\/www.europesays.com\/fr\/525054\/","title":{"rendered":"la 9e \u00e9dition d&rsquo;Art Montpellier s&rsquo;installe au Parc des Expositions"},"content":{"rendered":"<p>\nCette ann\u00e9e, Art Montpellier est de retour pour une 9e \u00e9dition plac\u00e9e sous le signe du voyage et de l&rsquo;\u00e9vasion.<\/p>\n<p>\n\u00a9 Photo d\u2019illustration \u2013 Galerie d\u2019art.<\/p>\n<p><a data-no-instant=\"1\" href=\"https:\/\/nimes-metropole-entreprises.fr\/le-territoire-de-nimes-metropole\/un-reseau-economique-et-collaboratif\/digiweek-de-nimes-metropole\/\" rel=\"noopener nofollow\" class=\"a2t-link\" aria-label=\"461-image\" target=\"_blank\"><img decoding=\"async\" loading=\"lazy\" src=\"https:\/\/www.europesays.com\/fr\/wp-content\/uploads\/2025\/11\/1762508179_745_461-image.jpeg\" alt=\"\"   width=\"1220\" height=\"260\"\/><\/a><\/p>\n<p>Rendez-vous <strong>du 12 au 16 novembre 2025<\/strong> au <strong>Parc des Expositions<\/strong> \u00e0 <a href=\"https:\/\/infoccitanie.fr\/tag\/montpellier\/\" rel=\"nofollow noopener\" target=\"_blank\">Montpellier<\/a> pour d\u00e9couvrir la 9e \u00e9dition <strong>d\u2019Art Montpellier<\/strong>. Avec plus de 12 500 visiteurs et 250 artistes en 2024, la foire revient pour le plus grand plaisir d\u2019un public toujours plus nombreux, et curieux de d\u00e9couvrir la diversit\u00e9 de la cr\u00e9ation actuelle. Cette ann\u00e9e, le parcours artistique sera plac\u00e9 sous <strong>la th\u00e9matique du voyage<\/strong> \u00e0 travers des peintures, des photographies et des projections lumineuses.<\/p>\n<p>Programme et temps forts<\/p>\n<p>Pour cette 9e \u00e9dition, Art Montpellier ouvrira ses portes ce <strong>mercredi 12 novembre<\/strong> avec une soir\u00e9e de <strong>vernissage<\/strong> accessible \u00e0 tous sur pr\u00e9sentation d\u2019un billet ou d\u2019une invitation. D\u00e8s le lendemain, Christian Noorbergeen <strong>voyagera dans l\u2019art contemporain<\/strong> pendant une <strong>conf\u00e9rence<\/strong> de 16h \u00e0 17h. Une <strong>nocturne<\/strong> sera organis\u00e9e le <strong>vendredi 14 novembre<\/strong> avec au programme, \u00e0 partir de 19h30, des performances live, la rencontre avec de nombreux artistes, un DJ set ainsi que l\u2019acc\u00e8s au restaurant bistronomique. Art Montpellier se poursuivra le lendemain avec une <strong>conf\u00e9rence<\/strong> de 15h \u00e0 16h anim\u00e9e par Andy Le Sauce sur la th\u00e9matique <strong>La mer et sa beaut\u00e9, la mer est sabot\u00e9e<\/strong>. Puis, le <strong>dimanche 16 novembre<\/strong>, le public pourra profiter d\u2019un <strong>brunch<\/strong> \u00e0 partir de 10h30 et pourra assister \u00e0 deux derni\u00e8res <strong>conf\u00e9rences<\/strong>.<\/p>\n<p>Pour d\u00e9couvrir les nombreuses animations d\u2019<strong>Art Montpellier<\/strong> sur la th\u00e9matique du <strong>voyage<\/strong> et de <strong>l\u2019\u00e9vasion<\/strong>, rendez-vous au Parc des Expositions \u00e0 Montpellier \u00e0 partir de ce mercredi 12 novembre. Cliquez <a href=\"https:\/\/www.art-montpellier.com\/infos-pratiques\/billetterie\/\" target=\"_blank\" rel=\"nofollow noopener\">ici<\/a> pour acc\u00e9der \u00e0 la billetterie.<\/p>\n","protected":false},"excerpt":{"rendered":"Cette ann\u00e9e, Art Montpellier est de retour pour une 9e \u00e9dition plac\u00e9e sous le signe du voyage et&hellip;\n","protected":false},"author":2,"featured_media":525055,"comment_status":"","ping_status":"","sticky":false,"template":"","format":"standard","meta":{"footnotes":""},"categories":[9599],"tags":[1111,11,3734,1777,674,1011,27,2208,12,2680,25],"class_list":{"0":"post-525054","1":"post","2":"type-post","3":"status-publish","4":"format-standard","5":"has-post-thumbnail","7":"category-montpellier","8":"tag-actu","9":"tag-actualites","10":"tag-art","11":"tag-eu","12":"tag-europe","13":"tag-fr","14":"tag-france","15":"tag-montpellier","16":"tag-news","17":"tag-occitanie","18":"tag-republique-francaise"},"share_on_mastodon":{"url":"https:\/\/pubeurope.com\/@fr\/115525843426948429","error":""},"_links":{"self":[{"href":"https:\/\/www.europesays.com\/fr\/wp-json\/wp\/v2\/posts\/525054","targetHints":{"allow":["GET"]}}],"collection":[{"href":"https:\/\/www.europesays.com\/fr\/wp-json\/wp\/v2\/posts"}],"about":[{"href":"https:\/\/www.europesays.com\/fr\/wp-json\/wp\/v2\/types\/post"}],"author":[{"embeddable":true,"href":"https:\/\/www.europesays.com\/fr\/wp-json\/wp\/v2\/users\/2"}],"replies":[{"embeddable":true,"href":"https:\/\/www.europesays.com\/fr\/wp-json\/wp\/v2\/comments?post=525054"}],"version-history":[{"count":0,"href":"https:\/\/www.europesays.com\/fr\/wp-json\/wp\/v2\/posts\/525054\/revisions"}],"wp:featuredmedia":[{"embeddable":true,"href":"https:\/\/www.europesays.com\/fr\/wp-json\/wp\/v2\/media\/525055"}],"wp:attachment":[{"href":"https:\/\/www.europesays.com\/fr\/wp-json\/wp\/v2\/media?parent=525054"}],"wp:term":[{"taxonomy":"category","embeddable":true,"href":"https:\/\/www.europesays.com\/fr\/wp-json\/wp\/v2\/categories?post=525054"},{"taxonomy":"post_tag","embeddable":true,"href":"https:\/\/www.europesays.com\/fr\/wp-json\/wp\/v2\/tags?post=525054"}],"curies":[{"name":"wp","href":"https:\/\/api.w.org\/{rel}","templated":true}]}}