{"id":525056,"date":"2025-11-10T14:20:27","date_gmt":"2025-11-10T14:20:27","guid":{"rendered":"https:\/\/www.europesays.com\/fr\/525056\/"},"modified":"2025-11-10T14:20:27","modified_gmt":"2025-11-10T14:20:27","slug":"venir-a-luniversite-de-rouen-normandie","status":"publish","type":"post","link":"https:\/\/www.europesays.com\/fr\/525056\/","title":{"rendered":"Venir \u00e0 l\u2019universit\u00e9 de Rouen Normandie"},"content":{"rendered":"<p>    Une mobilit\u00e9 professionnelle<\/p>\n<p>L\u2019URN vous accueille \u00e9galement dans le cadre d\u2019une mobilit\u00e9 professionnelle pour <strong>enseigner ou se former<\/strong> aupr\u00e8s de nos enseignants et personnels de l\u2019Universit\u00e9 (job shadowing).<br \/>Pour les enseignants et l\u2019ensemble des personnels des \u00e9tablissements d\u2019enseignement sup\u00e9rieur, l\u2019acquisition de connaissances et de savoir-faire \u00e0 partir d\u2019exp\u00e9riences \u00e0 l\u2019\u00e9tranger, l\u2019enrichissement des cours et des contenus offerts d\u00e9veloppent la dimension europ\u00e9enne de l\u2019enseignement sup\u00e9rieur tout en renfor\u00e7ant les coop\u00e9rations entre \u00e9tablissements europ\u00e9ens et entreprises.<\/p>\n<p>Un programme de mobilit\u00e9 courte : Staff Week<\/p>\n<p>L\u2019URN organise des <strong>semaines de formation professionnelle, \u00ab staff week \u00bb et des Programmes Intensifs Hybrides<\/strong> \u00a0(Blended Intensive Program \u2013 BIP).<\/p>\n<ul>\n<li>Les staff weeks sont des semaines de formation th\u00e9matiques destin\u00e9es aux personnels administratifs et\/ou enseignants d\u2019universit\u00e9s des pays de l\u2019Union Europ\u00e9enne (programme Erasmus+ formation) et des pays hors Europe. Elles s\u2019\u00e9talent sur 5 jours et m\u00ealent interventions et ateliers de travail sur des th\u00e9matiques vari\u00e9es et visites culturelles du territoire.<\/li>\n<li>Les BIP sont des mobilit\u00e9s courtes alliant des activit\u00e9s en ligne et en pr\u00e9sentiel.<\/li>\n<\/ul>\n<blockquote>\n<p><a href=\"https:\/\/mesdemarches.univ-rouen.fr\/inscriptions\/personnel-administratif\/)\" target=\"_blank\" rel=\"noopener\">En savoir plus<\/a><\/p>\n<\/blockquote>\n<p>EURAXESS pour les enseignants-chercheurs d\u2019une universit\u00e9 partenaire<\/p>\n<p>L\u2019universit\u00e9 de Rouen Normandie, par le biais de ses structures de recherche, re\u00e7oit tout au long de l\u2019ann\u00e9e des enseignants-chercheurs, chercheurs, postdoctorants et doctorants invit\u00e9s et rattach\u00e9s \u00e0 des universit\u00e9s ou institutions de recherche \u00e9trang\u00e8res. Le Centre de services Euraxess de l\u2019Universit\u00e9 est votre point d\u2019entr\u00e9e privil\u00e9gi\u00e9 \u00e0 l\u2019URN : il vous accompagnera dans toutes vos d\u00e9marches administratives avant et pendant votre s\u00e9jour.<\/p>\n<p><img loading=\"lazy\" decoding=\"async\" class=\"wp-image-26879 aligncenter lazyload\" src=\"https:\/\/www.europesays.com\/fr\/wp-content\/uploads\/2025\/11\/logo_euraxess_france_copie_1.png\" alt=\"\" width=\"93\" height=\"97\" style=\"--smush-placeholder-width: 93px; --smush-placeholder-aspect-ratio: 93\/97;\"\/><\/p>\n<blockquote>\n<p><a href=\"https:\/\/mesdemarches.univ-rouen.fr\/inscriptions\/chercheur\/\" target=\"_blank\" rel=\"noopener\">En savoir plus<\/a><\/p>\n<\/blockquote>\n","protected":false},"excerpt":{"rendered":"Une mobilit\u00e9 professionnelle L\u2019URN vous accueille \u00e9galement dans le cadre d\u2019une mobilit\u00e9 professionnelle pour enseigner ou se former&hellip;\n","protected":false},"author":2,"featured_media":525057,"comment_status":"","ping_status":"","sticky":false,"template":"","format":"standard","meta":{"footnotes":""},"categories":[9587],"tags":[1111,11,1777,674,1011,27,12,5161,25,9590],"class_list":{"0":"post-525056","1":"post","2":"type-post","3":"status-publish","4":"format-standard","5":"has-post-thumbnail","7":"category-rouen","8":"tag-actu","9":"tag-actualites","10":"tag-eu","11":"tag-europe","12":"tag-fr","13":"tag-france","14":"tag-news","15":"tag-normandie","16":"tag-republique-francaise","17":"tag-rouen"},"share_on_mastodon":{"url":"https:\/\/pubeurope.com\/@fr\/115525847086803974","error":""},"_links":{"self":[{"href":"https:\/\/www.europesays.com\/fr\/wp-json\/wp\/v2\/posts\/525056","targetHints":{"allow":["GET"]}}],"collection":[{"href":"https:\/\/www.europesays.com\/fr\/wp-json\/wp\/v2\/posts"}],"about":[{"href":"https:\/\/www.europesays.com\/fr\/wp-json\/wp\/v2\/types\/post"}],"author":[{"embeddable":true,"href":"https:\/\/www.europesays.com\/fr\/wp-json\/wp\/v2\/users\/2"}],"replies":[{"embeddable":true,"href":"https:\/\/www.europesays.com\/fr\/wp-json\/wp\/v2\/comments?post=525056"}],"version-history":[{"count":0,"href":"https:\/\/www.europesays.com\/fr\/wp-json\/wp\/v2\/posts\/525056\/revisions"}],"wp:featuredmedia":[{"embeddable":true,"href":"https:\/\/www.europesays.com\/fr\/wp-json\/wp\/v2\/media\/525057"}],"wp:attachment":[{"href":"https:\/\/www.europesays.com\/fr\/wp-json\/wp\/v2\/media?parent=525056"}],"wp:term":[{"taxonomy":"category","embeddable":true,"href":"https:\/\/www.europesays.com\/fr\/wp-json\/wp\/v2\/categories?post=525056"},{"taxonomy":"post_tag","embeddable":true,"href":"https:\/\/www.europesays.com\/fr\/wp-json\/wp\/v2\/tags?post=525056"}],"curies":[{"name":"wp","href":"https:\/\/api.w.org\/{rel}","templated":true}]}}