{"id":525060,"date":"2025-11-10T14:24:17","date_gmt":"2025-11-10T14:24:17","guid":{"rendered":"https:\/\/www.europesays.com\/fr\/525060\/"},"modified":"2025-11-10T14:24:17","modified_gmt":"2025-11-10T14:24:17","slug":"une-de-mes-premieres-personnes-hypnotisees-ma-prof-ditalien","status":"publish","type":"post","link":"https:\/\/www.europesays.com\/fr\/525060\/","title":{"rendered":"\u00ab\u00a0Une de mes premi\u00e8res personnes hypnotis\u00e9es\u00a0? Ma prof d\u2019italien\u00a0!\u00a0\u00bb"},"content":{"rendered":"<p>\u00c0 bient\u00f4t 17 ans, Alex Anton peut \u00eatre consid\u00e9r\u00e9 comme le plus jeune hypnotiseur de France. Passionn\u00e9 par un spectacle de Messmer, ce jeune is\u00e9rois d\u00e9couvre sa vocation. Apr\u00e8s une formation en \u201chypnose de spectacle\u201d, Alex Anton cr\u00e9e ses premiers shows. Son spectacle Sleep to dream , avec sa mise en sc\u00e8ne tr\u00e8s dynamique, est pr\u00eat, d\u00e9sormais \u00e0 conqu\u00e9rir un public encore plus large.<\/p>\n<blockquote class=\"question\"><p>C\u2019est \u00e0 l\u2019\u00e2ge de 10 ans que vous avez d\u00e9couvert votre premier spectacle d\u2019hypnose\u2026 Une r\u00e9v\u00e9lation\u00a0?<\/p><\/blockquote>\n<p>\u00ab\u00a0Je suis all\u00e9 voir le spectacle Hypersensoriel de Messmer au Summum. Depuis, j\u2019aime aller le voir r\u00e9guli\u00e8rement sur sc\u00e8ne. J\u2019ai pu d\u00e9couvrir tout le potentiel du cerveau humain \u00e0 travers l\u2019hypnose. \u00c0 la sortie de ce spectacle, je me suis dit\u00a0: \u201cC\u2019est cela que je vais faire\u00a0!\u201d. Une des premi\u00e8res personnes que j\u2019ai hypnotis\u00e9es a \u00e9t\u00e9 ma professeure d\u2019italien lors d\u2019un voyage scolaire. Tout s\u2019est bien pass\u00e9, je tiens \u00e0 le dire\u00a0!\u00a0\u00bb<\/p>\n<blockquote class=\"question\"><p>Vos premiers spectacles, c\u2019\u00e9tait \u00e0 14 ans\u00a0?<\/p><\/blockquote>\n<p>\u00ab\u00a0C\u2019est au camping des Cigales dans les Hautes-Alpes que j\u2019ai lanc\u00e9 mon premier spectacle, en exploitant mes premi\u00e8res connaissances sur ce sujet. J\u2019ai appel\u00e9 ce spectacle Supersensoriel , en hommage \u00e0 Messmer. \u00c0 l\u2019\u00e2ge de 15 ans, j\u2019ai cr\u00e9\u00e9 le spectacle Contr\u00f4le. Cette ann\u00e9e, avec Sleep to dream , j\u2019ai cr\u00e9\u00e9 mon premier show en y ajoutant ma propre patte. Entre-temps, j\u2019ai particip\u00e9 \u00e0 de nombreux concours de spectacles en Is\u00e8re. C\u2019est ainsi que j\u2019ai \u00e9t\u00e9 dans les premiers prix du talent au concours de Tignieu-Jameyzieu. J\u2019ai fait d\u00e9couvrir Sleep to dream \u00e0 La Vence sc\u00e8ne de Saint-\u00c9gr\u00e8ve devant 500 personnes.\u00a0\u00bb<\/p>\n<blockquote class=\"question\"><p>Comment pr\u00e9senteriez-vous ce spectacle  Sleep to dream\u00a0 ?<\/p><\/blockquote>\n<p>\u00ab\u00a0Pour cr\u00e9er ce spectacle, je me suis appuy\u00e9 sur un dipl\u00f4me d\u2019hypnotiseur de spectacle. J\u2019ai \u00e9t\u00e9 form\u00e9 par l\u2019hypnotiseur Olivier Reivilo, un hypnotiseur qui se produit \u00e0 la fois sur les plateaux t\u00e9l\u00e9s et les sc\u00e8nes hexagonales. Pour ce spectacle, j\u2019utilise une musique assez dynamique. Le but est de donner une premi\u00e8re exp\u00e9rience de l\u2019hypnose. J\u2019invite les spectateurs \u00e0 une pratique progressive de l\u2019hypnose, en essayant de leur faire recr\u00e9er leur cadre de vie quotidien. C\u2019est ce qui permet de les mettre en confiance, en \u00e9vitant des situations brusques.\u00a0\u00bb<\/p>\n","protected":false},"excerpt":{"rendered":"\u00c0 bient\u00f4t 17 ans, Alex Anton peut \u00eatre consid\u00e9r\u00e9 comme le plus jeune hypnotiseur de France. Passionn\u00e9 par&hellip;\n","protected":false},"author":2,"featured_media":525061,"comment_status":"","ping_status":"","sticky":false,"template":"","format":"standard","meta":{"footnotes":""},"categories":[9566],"tags":[1111,11,2430,1687,112,1777,674,1011,27,2731,2732,1757,12,25,3140],"class_list":{"0":"post-525060","1":"post","2":"type-post","3":"status-publish","4":"format-standard","5":"has-post-thumbnail","7":"category-grenoble","8":"tag-actu","9":"tag-actualites","10":"tag-auvergne-rhone-alpes","11":"tag-culture-loisirs","12":"tag-edition-grenoble-agglomeration","13":"tag-eu","14":"tag-europe","15":"tag-fr","16":"tag-france","17":"tag-grenoble","18":"tag-grenoble-bassin","19":"tag-insolite","20":"tag-news","21":"tag-republique-francaise","22":"tag-spectacle"},"share_on_mastodon":{"url":"https:\/\/pubeurope.com\/@fr\/115525862201344300","error":""},"_links":{"self":[{"href":"https:\/\/www.europesays.com\/fr\/wp-json\/wp\/v2\/posts\/525060","targetHints":{"allow":["GET"]}}],"collection":[{"href":"https:\/\/www.europesays.com\/fr\/wp-json\/wp\/v2\/posts"}],"about":[{"href":"https:\/\/www.europesays.com\/fr\/wp-json\/wp\/v2\/types\/post"}],"author":[{"embeddable":true,"href":"https:\/\/www.europesays.com\/fr\/wp-json\/wp\/v2\/users\/2"}],"replies":[{"embeddable":true,"href":"https:\/\/www.europesays.com\/fr\/wp-json\/wp\/v2\/comments?post=525060"}],"version-history":[{"count":0,"href":"https:\/\/www.europesays.com\/fr\/wp-json\/wp\/v2\/posts\/525060\/revisions"}],"wp:featuredmedia":[{"embeddable":true,"href":"https:\/\/www.europesays.com\/fr\/wp-json\/wp\/v2\/media\/525061"}],"wp:attachment":[{"href":"https:\/\/www.europesays.com\/fr\/wp-json\/wp\/v2\/media?parent=525060"}],"wp:term":[{"taxonomy":"category","embeddable":true,"href":"https:\/\/www.europesays.com\/fr\/wp-json\/wp\/v2\/categories?post=525060"},{"taxonomy":"post_tag","embeddable":true,"href":"https:\/\/www.europesays.com\/fr\/wp-json\/wp\/v2\/tags?post=525060"}],"curies":[{"name":"wp","href":"https:\/\/api.w.org\/{rel}","templated":true}]}}