{"id":525062,"date":"2025-11-10T14:26:11","date_gmt":"2025-11-10T14:26:11","guid":{"rendered":"https:\/\/www.europesays.com\/fr\/525062\/"},"modified":"2025-11-10T14:26:11","modified_gmt":"2025-11-10T14:26:11","slug":"lors-dune-intervention-a-rennes-un-policier-blesse-par-un-homme-ivre","status":"publish","type":"post","link":"https:\/\/www.europesays.com\/fr\/525062\/","title":{"rendered":"lors d&rsquo;une intervention \u00e0 Rennes, un policier bless\u00e9 par un homme ivre"},"content":{"rendered":"<p>            Par<br \/>\n        <strong><br \/>\n            <a href=\"https:\/\/actu.fr\/auteur\/clemence-pays02-actu-fr\" title=\"Consulter tous les articles de Cl\u00e9mence Pays\" target=\"_blank\" rel=\"noopener\">Cl\u00e9mence Pays<\/a><br \/>\n        <\/strong><\/p>\n<p>        Publi\u00e9 le<\/p>\n<p>            10 nov. 2025 \u00e0 15h20        <\/p>\n<p>C\u2019est \u00e0 6h, dimanche 9\u00a0novembre 2025, qu\u2019un policier a \u00e9t\u00e9 bless\u00e9 lors d\u2019une intervention. Un individu a<strong> \u00ab\u2009outrag\u00e9 un fonctionnaire de police\u2009\u00bb<\/strong> avant de<strong> s\u2019enfuir,<\/strong> explique la Direction interd\u00e9partementale de la Police nationale (DIPN 35) \u00e0 <a href=\"https:\/\/actu.fr\/rennes\/\" target=\"_blank\" rel=\"noopener\">actu Rennes<\/a>.<\/p>\n<p class=\" wall-content\">Le mis en cause a \u00e9t\u00e9 retrouv\u00e9 \u00ab\u2009quelques rues plus loin\u2009\u00bb. Lors de son interpellation, <strong>\u00ab\u2009l\u2019individu s\u2019est rebell\u00e9\u2009\u00bb,<\/strong> d\u00e9clare le syndicat Alliance Police 35 (relay\u00e9 par <a href=\"https:\/\/www.rennes-infos-autrement.fr\/rennes-un-policier-blesse-lors-dune-interpellation\/\" target=\"_blank\" rel=\"noopener\">Rennes infos autrement<\/a>).<\/p>\n<p>Une blessure \u00e0 la main<\/p>\n<p class=\" wall-content\">Au cours de cette r\u00e9bellion, l\u2019individu a <strong>bless\u00e9 un agent<\/strong> entra\u00eenant <strong>\u00ab\u2009une fracture au doigt\u2009\u00bb<\/strong> de celui-ci, poursuit la DIPN.<\/p>\n<p class=\" wall-content\">\n<p class=\" wall-content\">\u00ab\u2009L\u2019individu, en <strong>\u00e9tat d\u2019ivresse,<\/strong> a \u00e9t\u00e9 interpell\u00e9 et pr\u00e9sent\u00e9 \u00e0 l\u2019officier de police judiciaire de permanence\u2009\u00bb, conclut le syndicat qui \u00ab\u2009condamne fermement toute violence envers [les] policiers\u2009\u00bb.<\/p>\n<p class=\" wall-content\">Personnalisez votre actualit\u00e9 en ajoutant vos villes et m\u00e9dias en favori avec <a href=\"https:\/\/moncompte.actu.fr\" title=\"D\u00e9couvez Mon Actu\" rel=\"nofollow noopener\" data-trk=\"{&quot;cta&quot;:{&quot;action&quot;:&quot;https:\\\/\\\/moncompte.actu.fr&quot;,&quot;category&quot;:&quot;mon compte&quot;,&quot;from&quot;:&quot;article footer&quot;,&quot;name&quot;:&quot;Mon actu&quot;,&quot;type&quot;:&quot;cta&quot;}}\" target=\"_blank\">Mon Actu<\/a>.<\/p>\n","protected":false},"excerpt":{"rendered":"Par Cl\u00e9mence Pays Publi\u00e9 le 10 nov. 2025 \u00e0 15h20 C\u2019est \u00e0 6h, dimanche 9\u00a0novembre 2025, qu\u2019un policier&hellip;\n","protected":false},"author":2,"featured_media":525063,"comment_status":"","ping_status":"","sticky":false,"template":"","format":"standard","meta":{"footnotes":""},"categories":[2821],"tags":[1111,11,829,1777,674,118,1011,27,12,1072,584,25,3427],"class_list":{"0":"post-525062","1":"post","2":"type-post","3":"status-publish","4":"format-standard","5":"has-post-thumbnail","7":"category-rennes","8":"tag-actu","9":"tag-actualites","10":"tag-bretagne","11":"tag-eu","12":"tag-europe","13":"tag-faits-divers","14":"tag-fr","15":"tag-france","16":"tag-news","17":"tag-police","18":"tag-rennes","19":"tag-republique-francaise","20":"tag-syndicats"},"share_on_mastodon":{"url":"https:\/\/pubeurope.com\/@fr\/115525870261151880","error":""},"_links":{"self":[{"href":"https:\/\/www.europesays.com\/fr\/wp-json\/wp\/v2\/posts\/525062","targetHints":{"allow":["GET"]}}],"collection":[{"href":"https:\/\/www.europesays.com\/fr\/wp-json\/wp\/v2\/posts"}],"about":[{"href":"https:\/\/www.europesays.com\/fr\/wp-json\/wp\/v2\/types\/post"}],"author":[{"embeddable":true,"href":"https:\/\/www.europesays.com\/fr\/wp-json\/wp\/v2\/users\/2"}],"replies":[{"embeddable":true,"href":"https:\/\/www.europesays.com\/fr\/wp-json\/wp\/v2\/comments?post=525062"}],"version-history":[{"count":0,"href":"https:\/\/www.europesays.com\/fr\/wp-json\/wp\/v2\/posts\/525062\/revisions"}],"wp:featuredmedia":[{"embeddable":true,"href":"https:\/\/www.europesays.com\/fr\/wp-json\/wp\/v2\/media\/525063"}],"wp:attachment":[{"href":"https:\/\/www.europesays.com\/fr\/wp-json\/wp\/v2\/media?parent=525062"}],"wp:term":[{"taxonomy":"category","embeddable":true,"href":"https:\/\/www.europesays.com\/fr\/wp-json\/wp\/v2\/categories?post=525062"},{"taxonomy":"post_tag","embeddable":true,"href":"https:\/\/www.europesays.com\/fr\/wp-json\/wp\/v2\/tags?post=525062"}],"curies":[{"name":"wp","href":"https:\/\/api.w.org\/{rel}","templated":true}]}}