{"id":525081,"date":"2025-11-10T14:36:13","date_gmt":"2025-11-10T14:36:13","guid":{"rendered":"https:\/\/www.europesays.com\/fr\/525081\/"},"modified":"2025-11-10T14:36:13","modified_gmt":"2025-11-10T14:36:13","slug":"une-banderole-raciste-a-la-caf-de-toulouse-fait-polemique","status":"publish","type":"post","link":"https:\/\/www.europesays.com\/fr\/525081\/","title":{"rendered":"une banderole raciste \u00e0 la CAF de Toulouse fait pol\u00e9mique"},"content":{"rendered":"<p>            Par<br \/>\n        <strong><br \/>\n            <a href=\"https:\/\/actu.fr\/auteur\/mareva-laville-actu-fr\" title=\"Consulter tous les articles de Mar\u00e9va Laville\" rel=\"nofollow noopener\" target=\"_blank\">Mar\u00e9va Laville<\/a><br \/>\n        <\/strong><\/p>\n<p>        Publi\u00e9 le<\/p>\n<p>            10 nov. 2025 \u00e0 15h29        <\/p>\n<p>\u00ab\u2009Karim touche jusqu\u2019\u00e0 trois fois plus d\u2019aides sociales que Nicolas. Pour Nicolas, la remigration est la seule solution.\u2009\u00bb C\u2019est ce qui \u00e9tait inscrit sur une banderole accroch\u00e9e<strong> au portail de la Caf de Haute-Garonne<\/strong> \u00e0 <a href=\"http:\/\/www.actu.fr\/toulouse\" rel=\"nofollow noopener\" target=\"_blank\">Toulouse<\/a> ce samedi 8 novembre 2025 matin par un groupuscule d\u2019extr\u00eame droite.<\/p>\n<p class=\" wall-content\">Pour pousser le vice, le message a \u00e9t\u00e9<strong> traduit en anglais<\/strong>. Histoire que tous ceux qui ne liraient pas bien le fran\u00e7ais comprennent bien l\u2019amalgame entre le pr\u00e9nom d\u2019origine arabe Karim et les aides sociales, ainsi que le concept de \u00ab<strong>\u2009remigration<\/strong>\u2009\u00bb incitant les immigr\u00e9s non-europ\u00e9ens \u00e0 retourner dans leur pays d\u2019origine, tr\u00e8s port\u00e9 par l\u2019extr\u00eame droite.<\/p>\n<p>Le Maire de Toulouse saisit le procureur de la R\u00e9publique<\/p>\n<p class=\" wall-content\">L\u2019installation matinale, divulgu\u00e9e sur les r\u00e9seaux sociaux, n\u2019a pas manqu\u00e9 de faire r\u00e9agir. D\u2019autant qu\u2019elle intervient seulement <a href=\"https:\/\/actu.fr\/occitanie\/toulouse_31555\/info-actu-toulouse-on-va-crever-vos-gosses-des-affiches-racistes-retrouvees-pres-d-une-ecole-a-toulouse_63387455.html\" rel=\"nofollow noopener\" target=\"_blank\">cinq jours apr\u00e8s les nombreuses injures et <strong>menaces de mort<\/strong><\/a><strong> \u00e0 caract\u00e8re racistes<\/strong> dispos\u00e9es dans un caddie, \u00e0 une trentaine de m\u00e8tres de l\u2019entr\u00e9e des \u00e9coles maternelle et primaire Alfred de Musset.<\/p>\n<p class=\" wall-content\">Le maire de Toulouse, <strong>Jean-Luc Moudenc<\/strong>, a annonc\u00e9, sur son compte institutionnel X, <strong>saisir le procureur de la R\u00e9publique<\/strong> de Toulouse<strong>.<\/strong> \u00ab\u2009Une nouvelle fois, des messages racistes et haineux ont \u00e9t\u00e9 affich\u00e9s, aujourd\u2019hui encore, devant la CAF [\u2026] <strong>Toulouse ne tol\u00e9rera jamais de tels actes,<\/strong> totalement contraires \u00e0 nos valeurs r\u00e9publicaines\u2009\u00bb, \u00e9crit-il.<\/p>\n<p class=\" wall-content\">\n<p>La mont\u00e9e de l\u2019extr\u00eame droite inqui\u00e8te \u00e0 Toulouse<\/p>\n<p class=\" wall-content\">Son rival pour les \u00e9lections municipales, le <a href=\"https:\/\/actu.fr\/occitanie\/toulouse_31555\/municipales-2026-a-toulouse-francois-piquemal-lance-officiellement-sa-campagne-avec-six-mesures-phares_63302886.html\" rel=\"nofollow noopener\" target=\"_blank\">candidat LFI Fran\u00e7ois Piquemal<\/a>, s\u2019inqui\u00e8te quant \u00e0 lui de la <strong>\u00ab\u2009r\u00e9cidive\u2009\u00bb de l\u2019extr\u00eame droite \u00e0 Toulouse.<\/strong> \u00ab\u2009Notre ville est anti-fasciste et nous le ferons vivre dans nos politiques locales en 2026\u2009\u00bb, scande-t-il.<\/p>\n<p class=\" wall-content\">\n<p class=\" wall-content\">Une observation rejointe par le candidat socialiste <strong>Fran\u00e7ois Brian\u00e7on<\/strong> qui bl\u00e2me une \u00ab<strong>\u2009extr\u00eame droite<\/strong> [qui] ne se contente plus de mots\u2009\u00bb, mais <strong>qui \u00ab\u2009occupe l\u2019espace public<\/strong> avec des banderoles racistes\u2009\u00bb. \u00ab\u2009Cette<strong> banalisation de la haine<\/strong> ne doit pas rester sans r\u00e9ponse\u2009\u00bb, souligne-t-il.<\/p>\n<p>Vid\u00e9os : en ce moment sur Actu<\/p>\n<p class=\" wall-content\">\n<p class=\" wall-content\"><a href=\"https:\/\/actu.fr\/occitanie\/toulouse_31555\/municipales-2026-a-toulouse-regis-godec-et-les-ecologistes-devoilent-leurs-premiers-colistiers_62844775.html\" rel=\"nofollow noopener\" target=\"_blank\">C\u00f4t\u00e9 \u00c9cologistes<\/a>, Antoine Maurice qualifie l\u2019action comme<strong> honteuse et dangereuse.<\/strong> \u00ab\u2009Les aides sociales ne sont pas un pr\u00e9texte pour diviser, mais un outil de solidarit\u00e9. \u00c0 Toulouse, nous devons faire front contre le racisme et d\u00e9fendre l\u2019\u00e9galit\u00e9.\u2009\u00bb<\/p>\n<p class=\" wall-content\">\n<p>Toulouse n\u2019est-elle \u00ab\u2009plus prot\u00e9g\u00e9e\u2009\u00bb\u2009?<\/p>\n<p class=\" wall-content\">Une grande partie des candidats au<a href=\"https:\/\/actu.fr\/toulouse\/politique\/elections-municipales\" rel=\"nofollow noopener\" target=\"_blank\"> Capitole pour 2026,<\/a> ou leurs partis politiques, se sont empar\u00e9s du sujet, <strong>\u00e0 l\u2019exception des candidats ou personnalit\u00e9s politiques d\u2019extr\u00eame droite.<\/strong><\/p>\n<p>Votre r\u00e9gion, votre actu !<\/p>\n<p>Recevez chaque jour les infos qui comptent pour vous.<\/p>\n<p>\t<a href=\"https:\/\/actu.fr\/newsletter\" class=\"ac-btn ac-btn--corner ac-btn--medium ac-btn--blue800\" rel=\"nofollow noopener\" target=\"_blank\">S&rsquo;incrire<\/a><\/p>\n<p class=\" wall-content\">Les Jeunes en marche, soutiens macronistes en Haute-Garonne, ont \u00e9galement r\u00e9agi face \u00e0 cette \u00ab\u2009mont\u00e9e de l\u2019extr\u00eame droite \u00e0 Toulouse, dont on pensait prot\u00e9g\u00e9e de tout cela\u2009\u00bb, confie le r\u00e9f\u00e9rent local <strong>Pierre Fournier.<\/strong><\/p>\n<p class=\" wall-content\">\n<p>Une plainte contre X d\u00e9pos\u00e9e<\/p>\n<p class=\" wall-content\">Mais c\u2019est loin d\u2019\u00eatre le cas, souligne la<strong> Ligue internationale contre le racisme et l\u2019antis\u00e9mitisme (LICRA).<\/strong> \u00ab\u2009C\u2019est une r\u00e9alit\u00e9. Que ce soit sur <a href=\"https:\/\/actu.fr\/occitanie\/toulouse_31555\/antisemitisme-a-toulouse-il-n-a-pas-porte-ce-maillot-par-hasard-ce-que-l-on-sait-de-l-arracheur-2-kippa_63116500.html\" rel=\"nofollow noopener\" target=\"_blank\">l\u2019antis\u00e9mitisme, qui explose<\/a>, mais aussi sur les faits de racisme. On le note \u00e0 Toulouse singuli\u00e8rement parce qu\u2019on le voit, mais les zones rurales sont aussi touch\u00e9es. Notre avocat est surcharg\u00e9\u2009\u00bb, assure <strong>Lucas Duval<\/strong>, militant et responsable de la communication \u00e0 la LICRA.<\/p>\n<p class=\" wall-content\"><strong>Une plainte contre X va \u00eatre d\u00e9pos\u00e9e<\/strong> par l\u2019association \u00ab\u2009afin d\u2019engager une action contre ce racisme anti-immigr\u00e9s\u2009\u00bb.<\/p>\n<p class=\" wall-content\">Personnalisez votre actualit\u00e9 en ajoutant vos villes et m\u00e9dias en favori avec <a href=\"https:\/\/moncompte.actu.fr\" title=\"D\u00e9couvez Mon Actu\" rel=\"nofollow noopener\" data-trk=\"{&quot;cta&quot;:{&quot;action&quot;:&quot;https:\\\/\\\/moncompte.actu.fr&quot;,&quot;category&quot;:&quot;mon compte&quot;,&quot;from&quot;:&quot;article footer&quot;,&quot;name&quot;:&quot;Mon actu&quot;,&quot;type&quot;:&quot;cta&quot;}}\" target=\"_blank\">Mon Actu<\/a>.<\/p>\n","protected":false},"excerpt":{"rendered":"Par Mar\u00e9va Laville Publi\u00e9 le 10 nov. 2025 \u00e0 15h29 \u00ab\u2009Karim touche jusqu\u2019\u00e0 trois fois plus d\u2019aides sociales&hellip;\n","protected":false},"author":2,"featured_media":525082,"comment_status":"","ping_status":"","sticky":false,"template":"","format":"standard","meta":{"footnotes":""},"categories":[2816],"tags":[1111,11,1777,674,1011,27,3434,12,2680,25,104,2312],"class_list":{"0":"post-525081","1":"post","2":"type-post","3":"status-publish","4":"format-standard","5":"has-post-thumbnail","7":"category-toulouse","8":"tag-actu","9":"tag-actualites","10":"tag-eu","11":"tag-europe","12":"tag-fr","13":"tag-france","14":"tag-municipales-2026","15":"tag-news","16":"tag-occitanie","17":"tag-republique-francaise","18":"tag-societe","19":"tag-toulouse"},"share_on_mastodon":{"url":"https:\/\/pubeurope.com\/@fr\/115525909585288515","error":""},"_links":{"self":[{"href":"https:\/\/www.europesays.com\/fr\/wp-json\/wp\/v2\/posts\/525081","targetHints":{"allow":["GET"]}}],"collection":[{"href":"https:\/\/www.europesays.com\/fr\/wp-json\/wp\/v2\/posts"}],"about":[{"href":"https:\/\/www.europesays.com\/fr\/wp-json\/wp\/v2\/types\/post"}],"author":[{"embeddable":true,"href":"https:\/\/www.europesays.com\/fr\/wp-json\/wp\/v2\/users\/2"}],"replies":[{"embeddable":true,"href":"https:\/\/www.europesays.com\/fr\/wp-json\/wp\/v2\/comments?post=525081"}],"version-history":[{"count":0,"href":"https:\/\/www.europesays.com\/fr\/wp-json\/wp\/v2\/posts\/525081\/revisions"}],"wp:featuredmedia":[{"embeddable":true,"href":"https:\/\/www.europesays.com\/fr\/wp-json\/wp\/v2\/media\/525082"}],"wp:attachment":[{"href":"https:\/\/www.europesays.com\/fr\/wp-json\/wp\/v2\/media?parent=525081"}],"wp:term":[{"taxonomy":"category","embeddable":true,"href":"https:\/\/www.europesays.com\/fr\/wp-json\/wp\/v2\/categories?post=525081"},{"taxonomy":"post_tag","embeddable":true,"href":"https:\/\/www.europesays.com\/fr\/wp-json\/wp\/v2\/tags?post=525081"}],"curies":[{"name":"wp","href":"https:\/\/api.w.org\/{rel}","templated":true}]}}