{"id":52510,"date":"2025-04-25T19:33:11","date_gmt":"2025-04-25T19:33:11","guid":{"rendered":"https:\/\/www.europesays.com\/fr\/52510\/"},"modified":"2025-04-25T19:33:11","modified_gmt":"2025-04-25T19:33:11","slug":"francois-bayrou-amende-sa-version-apres-le-temoignage-de-sa-fille-dans-laffaire-betharram","status":"publish","type":"post","link":"https:\/\/www.europesays.com\/fr\/52510\/","title":{"rendered":"Fran\u00e7ois Bayrou amende sa version apr\u00e8s le t\u00e9moignage de sa fille dans l\u2019affaire B\u00e9tharram"},"content":{"rendered":"<p><strong>R\u00c9CIT &#8211; <\/strong>La fille du premier ministre affirme que son p\u00e8re avait bien rencontr\u00e9 le juge Christian Mirande, charg\u00e9 en 1998 d\u2019enqu\u00eater sur un viol dans l\u2019\u00e9tablissement de B\u00e9tharram. Et qu\u2019il \u00e9tait dans le secret de l\u2019instruction, ce que son p\u00e8re avait toujours ni\u00e9. Il le reconna\u00eet aujourd\u2019hui.<\/p>\n<p class=\"fig-paragraph\">De politicien tactique \u00e0 p\u00e8re de victime. L\u2019implication de Fran\u00e7ois Bayrou dans\u00a0<a href=\"http:\/\/www.lefigaro.fr\/actualite-france\/dossier\/institution-notre-dame-de-betharram-ce-qu-il-faut-savoir-de-l-affaire-qui-embarrasse-francois-bayrou\" target=\"_blank\" data-fig-type=\"Topic\" rel=\"noopener\" data-gtm-custom-categorie=\"navigation\" data-gtm-custom-action=\"crossclick\" data-gtm-custom-label=\"Contextuel\" data-gtm-event=\"customEventSPE\" data-fig-domain=\"LEFIGARO\">l\u2019affaire B\u00e9tharram<\/a>\u00a0a chang\u00e9 de tournure depuis que sa fille, H\u00e9l\u00e8ne Perlant, a r\u00e9v\u00e9l\u00e9 avoir elle aussi subi les violences de la congr\u00e9gation au sein de l\u2019\u00e9tablissement. Dans Le Silence de B\u00e9tharram (Lafon, 2025), recueil de t\u00e9moignages publi\u00e9 ce jeudi par le porte-parole du collectif des victimes de B\u00e9tharram, Alain \u00c9querre, la fille a\u00een\u00e9e de la fratrie Bayrou se joint aux centaines de t\u00e9moignages qui ont fleuri ces trois derniers mois, donnant lieu, \u00e0 ce stade, \u00e0 152 plaintes d\u00e9pos\u00e9es.<\/p>\n<p class=\"fig-paragraph\">Elle \u00e9voque un camp d\u2019\u00e9t\u00e9 o\u00f9, alors \u00e2g\u00e9e de 14\u00a0ans, elle avait \u00e9t\u00e9 \u00ab\u00a0agripp\u00e9e par les cheveux\u00a0\u00bb et \u00ab\u00a0tra\u00een\u00e9e\u00a0\u00bb par le p\u00e8re Lartigues, qui lui avait ass\u00e9n\u00e9 des \u00ab\u00a0coups de poing\u00a0\u00bb et des \u00ab\u00a0coups de pied sur tout le corps\u00a0\u00bb. \u00ab\u00a0Toi, la fille Bayrou, insolente comme ton p\u00e8re\u00a0!\u00a0\u00bb, lui avait lanc\u00e9 le pr\u00eatre, d\u00e9c\u00e9d\u00e9 en 2000.<\/p>\n<p class=\"fig-paragraph\">\u00c0 cette \u00e9poque, Fran\u00e7ois Bayrou \u00e9tait ministre de l\u2019\u00c9ducation nationale. Que savait-il\u2026<\/p>\n<p class=\"fig-premium-paywall__infos\">\n        Cet article est r\u00e9serv\u00e9 aux abonn\u00e9s.        Il vous reste 82% \u00e0 d\u00e9couvrir.\n    <\/p>\n<p>                <img  data- alt=\"Le Figaro\" class=\"fig-img--complete fig-img\"\/><\/p>\n<p class=\"fig-premium-paywall__title\">Vous avez envie de lire la suite ?<\/p>\n<p class=\"fig-premium-paywall__subtitle\">D\u00e9bloquez tous les articles imm\u00e9diatement.<\/p>\n<p class=\"fig-premium-paywall__connect\">\n                D\u00e9j\u00e0 abonn\u00e9\u00a0?                <a class=\"fig-premium-paywall__connect-link\" href=\"https:\/\/connect.lefigaro.fr\/login?client=horizon_web&amp;type=main&amp;redirect_uri=https%3A%2F%2Fwww.lefigaro.fr%2Factualite-france%2Ffrancois-bayrou-amende-sa-version-apres-le-temoignage-de-sa-fille-dans-l-affaire-betharram-20250425\" data-js-gtm=\"{&quot;customCategorie&quot;: &quot;conversion&quot;, &quot;customAction&quot;: &quot;before_Landing_Connexion_paywall_auto&quot;, &quot;customLabel&quot;: &quot;bGVmaWdhcm8uZnJfXzFmMDIxYmY1LTA0MTYtNjZiYy05NzBkLTAxOTkxNDExMjNhNV9fQXJ0aWNsZQ==_Fran\u00e7ois Bayrou amende sa version apr\u00e8s le t\u00e9moignage de sa fille dans l\u2019affaire B\u00e9tharram_80&quot;, &quot;customIDSPE&quot;: &quot;bGVmaWdhcm8uZnJfXzFmMDIxYmY1LTA0MTYtNjZiYy05NzBkLTAxOTkxNDExMjNhNV9fQXJ0aWNsZQ==&quot;, &quot;event&quot;: &quot;customEventSPE&quot;}\" target=\"_blank\" rel=\"noopener\"><br \/>\n                    Connectez-vous<br \/>\n                <\/a>\n            <\/p>\n","protected":false},"excerpt":{"rendered":"R\u00c9CIT &#8211; La fille du premier ministre affirme que son p\u00e8re avait bien rencontr\u00e9 le juge Christian Mirande,&hellip;\n","protected":false},"author":2,"featured_media":52511,"comment_status":"","ping_status":"","sticky":false,"template":"","format":"standard","meta":{"footnotes":""},"categories":[2],"tags":[47,1058,1054,1059,1060,1055,11,11847,1057,118,1011,27,1061,303,12,1062,656,104,1056,809],"class_list":{"0":"post-52510","1":"post","2":"type-post","3":"status-publish","4":"format-standard","5":"has-post-thumbnail","7":"category-actualites","8":"tag-actualite","9":"tag-actualite-education","10":"tag-actualite-france","11":"tag-actualite-justice","12":"tag-actualite-securite","13":"tag-actualite-societe","14":"tag-actualites","15":"tag-bayrou","16":"tag-education","17":"tag-faits-divers","18":"tag-fr","19":"tag-france","20":"tag-immigration","21":"tag-justice","22":"tag-news","23":"tag-polemique","24":"tag-securite","25":"tag-societe","26":"tag-societe-francaise","27":"tag-violence"},"share_on_mastodon":{"url":"https:\/\/pubeurope.com\/@fr\/114400277482487271","error":""},"_links":{"self":[{"href":"https:\/\/www.europesays.com\/fr\/wp-json\/wp\/v2\/posts\/52510","targetHints":{"allow":["GET"]}}],"collection":[{"href":"https:\/\/www.europesays.com\/fr\/wp-json\/wp\/v2\/posts"}],"about":[{"href":"https:\/\/www.europesays.com\/fr\/wp-json\/wp\/v2\/types\/post"}],"author":[{"embeddable":true,"href":"https:\/\/www.europesays.com\/fr\/wp-json\/wp\/v2\/users\/2"}],"replies":[{"embeddable":true,"href":"https:\/\/www.europesays.com\/fr\/wp-json\/wp\/v2\/comments?post=52510"}],"version-history":[{"count":0,"href":"https:\/\/www.europesays.com\/fr\/wp-json\/wp\/v2\/posts\/52510\/revisions"}],"wp:featuredmedia":[{"embeddable":true,"href":"https:\/\/www.europesays.com\/fr\/wp-json\/wp\/v2\/media\/52511"}],"wp:attachment":[{"href":"https:\/\/www.europesays.com\/fr\/wp-json\/wp\/v2\/media?parent=52510"}],"wp:term":[{"taxonomy":"category","embeddable":true,"href":"https:\/\/www.europesays.com\/fr\/wp-json\/wp\/v2\/categories?post=52510"},{"taxonomy":"post_tag","embeddable":true,"href":"https:\/\/www.europesays.com\/fr\/wp-json\/wp\/v2\/tags?post=52510"}],"curies":[{"name":"wp","href":"https:\/\/api.w.org\/{rel}","templated":true}]}}