{"id":525101,"date":"2025-11-10T14:51:12","date_gmt":"2025-11-10T14:51:12","guid":{"rendered":"https:\/\/www.europesays.com\/fr\/525101\/"},"modified":"2025-11-10T14:51:12","modified_gmt":"2025-11-10T14:51:12","slug":"a-la-philarmonie-de-paris-cest-mahler-et-gershwin-quon-assassine","status":"publish","type":"post","link":"https:\/\/www.europesays.com\/fr\/525101\/","title":{"rendered":"\u00ab\u00c0 la Philarmonie de Paris, c\u2019est Mahler et Gershwin qu\u2019on assassine\u00bb"},"content":{"rendered":"<p>\n    <strong>CHRONIQUE &#8211;<\/strong> L\u2019interruption du concert d\u2019un orchestre isra\u00e9lien \u00e0 la Philharmonie de Paris et le soutien que les activistes ont re\u00e7u du c\u00f4t\u00e9 de la France insoumise viennent illustrer tragiquement la permanence d\u2019un antis\u00e9mitisme de gauche.<\/p>\n<p class=\"fig-paragraph\">Gilles-William Goldnadel est avocat et essayiste. Chaque semaine, il d\u00e9crypte l\u2019actualit\u00e9 pour FigaroVox. Il vient de publier\u00a0Vol au-dessus d\u2019un nid de cocus\u00a0(Fayard, 2025). Il est \u00e9galement pr\u00e9sident d\u2019Avocats sans fronti\u00e8res.<\/p>\n<p class=\"fig-paragraph\">Le symbole est puissant. Il r\u00e9sume tout. Des brutes \u00e9paisses ont troubl\u00e9 l\u2019harmonie la plus fine. La musique douce contre le bruit des cris et la fureur des engins incendiaires. L\u2019ignorance contemporaine contre la culture intemporelle.\u00a0<a href=\"http:\/\/www.lefigaro.fr\/faits-divers\/concert-perturbe-a-la-philharmonie-les-suspects-presentes-a-un-juge-trois-personnes-mises-en-examen-20251109\" target=\"_blank\" data-fig-type=\"NewsFlash\" rel=\"noopener nofollow\" data-gtm-custom-categorie=\"navigation\" data-gtm-custom-action=\"crossclick\" data-gtm-custom-label=\"Contextuel\" data-gtm-event=\"customEventSPE\" data-fig-domain=\"LEFIGARO\">L\u2019Orchestre Philharmonique d\u2019Isra\u00ebl<\/a>, cr\u00e9\u00e9 par des musiciens fuyant le nazisme, a pr\u00e9c\u00e9d\u00e9 l\u2019\u00c9tat du m\u00eame nom. Compos\u00e9 de Juifs mais aussi d\u2019Arabes et de\u00a0<a href=\"http:\/\/www.lefigaro.fr\/international\/nos-freres-se-font-massacrer-a-soueida-et-le-monde-detourne-le-regard-en-israel-la-grande-inquietude-des-druzes-pour-leurs-cousins-de-syrie-20250901\" data-fig-type=\"Article\" data-gtm-custom-categorie=\"navigation\" data-gtm-custom-action=\"crossclick\" data-gtm-custom-label=\"Contextuel\" data-gtm-event=\"customEventSPE\" data-fig-domain=\"LEFIGARO\" rel=\"nofollow noopener\" target=\"_blank\">Druzes<\/a>, il incarne depuis 1936 l\u2019excellence et nombre de ses chefs, comme Daniel Barenboim, sont les symboles du pacifisme et de la prise de distance artistique avec un gouvernement pragmatique. L\u2019auteur de ces lignes, ses lecteurs le savent, combat ce Grand Mensonge qui nazifie l\u2019\u00c9tat pogromis\u00e9 depuis le 8 octobre 2023 au matin.<\/p>\n<p class=\"fig-paragraph\"><a href=\"http:\/\/www.lefigaro.fr\/vox\/monde\/douglas-murray-je-n-ai-jamais-vu-aucun-pays-faire-l-objet-d-autant-de-mensonges-qu-israel-20251106\" target=\"_blank\" data-fig-type=\"Article\" rel=\"noopener nofollow\" data-gtm-custom-categorie=\"navigation\" data-gtm-custom-action=\"crossclick\" data-gtm-custom-label=\"Contextuel\" data-gtm-event=\"customEventSPE\" data-fig-domain=\"LEFIGARO\">Dans Le Figaro Magazine de cette semaine, le grand essayiste\u2026<\/a><\/p>\n<p class=\"fig-premium-paywall__infos\">\n        Cet article est r\u00e9serv\u00e9 aux abonn\u00e9s.        Il vous reste 79% \u00e0 d\u00e9couvrir.\n    <\/p>\n<p>                <img  data- alt=\"Le Figaro\" class=\"fig-img--complete fig-img\"\/><\/p>\n<p class=\"fig-premium-paywall__title\">Black Friday<\/p>\n<p class=\"fig-premium-paywall__subtitle\">-70% sur l&rsquo;abonnement num\u00e9rique<\/p>\n<p class=\"fig-premium-paywall__connect\">\n                D\u00e9j\u00e0 abonn\u00e9\u00a0?                <a class=\"fig-premium-paywall__connect-link\" href=\"https:\/\/connect.lefigaro.fr\/login?client=horizon_web&amp;type=main&amp;redirect_uri=https%3A%2F%2Fwww.lefigaro.fr%2Fvox%2Fpolitique%2Fgilles-william-goldnadel-a-la-philarmonie-de-paris-c-est-mahler-et-gershwin-qu-on-assassine-20251110\" data-js-gtm=\"{&quot;customCategorie&quot;: &quot;conversion&quot;, &quot;customAction&quot;: &quot;before_Landing_Connexion_paywall_auto&quot;, &quot;customLabel&quot;: &quot;bGVmaWdhcm8uZnJfXzFmMGJlMGU4LWU0YjUtNjhhMC05OTM4LTk5N2Q2ODExY2E0Y19fQXJ0aWNsZQ==_Gilles-William Goldnadel\u00a0: \u00ab\u00c0 la Philarmonie de Paris, c\u2019est Mahler et Gershwin qu\u2019on assassine\u00bb_54&quot;, &quot;customIDSPE&quot;: &quot;bGVmaWdhcm8uZnJfXzFmMGJlMGU4LWU0YjUtNjhhMC05OTM4LTk5N2Q2ODExY2E0Y19fQXJ0aWNsZQ==&quot;, &quot;event&quot;: &quot;customEventSPE&quot;}\" rel=\"nofollow noopener\" target=\"_blank\"><br \/>\n                    Connectez-vous<br \/>\n                <\/a>\n            <\/p>\n","protected":false},"excerpt":{"rendered":"CHRONIQUE &#8211; L\u2019interruption du concert d\u2019un orchestre isra\u00e9lien \u00e0 la Philharmonie de Paris et le soutien que les&hellip;\n","protected":false},"author":2,"featured_media":525102,"comment_status":"","ping_status":"","sticky":false,"template":"","format":"standard","meta":{"footnotes":""},"categories":[1888],"tags":[11,64489,1777,674,1011,27,780,12,626,11724,25],"class_list":{"0":"post-525101","1":"post","2":"type-post","3":"status-publish","4":"format-standard","5":"has-post-thumbnail","7":"category-paris","8":"tag-actualites","9":"tag-attentat-islamiste","10":"tag-eu","11":"tag-europe","12":"tag-fr","13":"tag-france","14":"tag-lfi","15":"tag-news","16":"tag-paris","17":"tag-philharmonie-de-paris","18":"tag-republique-francaise"},"share_on_mastodon":{"url":"https:\/\/pubeurope.com\/@fr\/115525968541244145","error":""},"_links":{"self":[{"href":"https:\/\/www.europesays.com\/fr\/wp-json\/wp\/v2\/posts\/525101","targetHints":{"allow":["GET"]}}],"collection":[{"href":"https:\/\/www.europesays.com\/fr\/wp-json\/wp\/v2\/posts"}],"about":[{"href":"https:\/\/www.europesays.com\/fr\/wp-json\/wp\/v2\/types\/post"}],"author":[{"embeddable":true,"href":"https:\/\/www.europesays.com\/fr\/wp-json\/wp\/v2\/users\/2"}],"replies":[{"embeddable":true,"href":"https:\/\/www.europesays.com\/fr\/wp-json\/wp\/v2\/comments?post=525101"}],"version-history":[{"count":0,"href":"https:\/\/www.europesays.com\/fr\/wp-json\/wp\/v2\/posts\/525101\/revisions"}],"wp:featuredmedia":[{"embeddable":true,"href":"https:\/\/www.europesays.com\/fr\/wp-json\/wp\/v2\/media\/525102"}],"wp:attachment":[{"href":"https:\/\/www.europesays.com\/fr\/wp-json\/wp\/v2\/media?parent=525101"}],"wp:term":[{"taxonomy":"category","embeddable":true,"href":"https:\/\/www.europesays.com\/fr\/wp-json\/wp\/v2\/categories?post=525101"},{"taxonomy":"post_tag","embeddable":true,"href":"https:\/\/www.europesays.com\/fr\/wp-json\/wp\/v2\/tags?post=525101"}],"curies":[{"name":"wp","href":"https:\/\/api.w.org\/{rel}","templated":true}]}}