{"id":525108,"date":"2025-11-10T14:55:12","date_gmt":"2025-11-10T14:55:12","guid":{"rendered":"https:\/\/www.europesays.com\/fr\/525108\/"},"modified":"2025-11-10T14:55:12","modified_gmt":"2025-11-10T14:55:12","slug":"le-royaume-uni-vient-en-aide-a-la-belgique-allie-de-lotan-apres-une-serie-dintrusions-de-drones","status":"publish","type":"post","link":"https:\/\/www.europesays.com\/fr\/525108\/","title":{"rendered":"Le Royaume-Uni vient en aide \u00e0 la Belgique, alli\u00e9 de l\u2019OTAN, apr\u00e8s une s\u00e9rie d\u2019intrusions de drones"},"content":{"rendered":"<p>Le Royaume-Uni a accept\u00e9 d\u2019apporter un soutien militaire \u00e0 la Belgique apr\u00e8s que le pays a connu plusieurs jours d\u2019intrusions de drones dans son espace a\u00e9rien, a d\u00e9clar\u00e9 le chef d\u2019\u00e9tat-major britannique de la D\u00e9fense <a rel=\"noopener nofollow\" target=\"_blank\" href=\"https:\/\/www.gov.uk\/government\/people\/richard-knighton\">le 9 novembre<\/a>.Le mar\u00e9chal de l\u2019air Sir Richard Knighton a confi\u00e9 \u00e0 la <a rel=\"noopener nofollow\" target=\"_blank\" href=\"https:\/\/www.bbc.co.uk\/iplayer\/episode\/m002lzn7\/sunday-with-laura-kuenssberg-protecting-our-children-from-ai-chatbots\">BBC<\/a> qu\u2019il s\u2019\u00e9tait entretenu avec son homologue belge, lequel avait sollicit\u00e9 l\u2019appui du Royaume-Uni.<\/p>\n<p>\u00ab\u00a0Le ministre de la D\u00e9fense [John Healey] et moi-m\u00eame avons convenu, \u00e0 la fin de la semaine derni\u00e8re, que nous d\u00e9ploierions nos \u00e9quipes et nos \u00e9quipements en Belgique pour lui venir en aide\u00a0\u00bb, a expliqu\u00e9 M.\u00a0Knighton.<\/p>\n<p>Le minist\u00e8re britannique de la D\u00e9fense a pr\u00e9cis\u00e9 sur <a rel=\"noopener nofollow\" target=\"_blank\" href=\"https:\/\/x.com\/DefenceHQ\/status\/1987584779835871730\">X<\/a> que John Healey avait d\u00e9cid\u00e9 d\u2019envoyer une \u00ab\u00a0unit\u00e9 sp\u00e9cialis\u00e9e de lutte anti-drones\u00a0\u00bb.<\/p>\n<p>\u00ab\u00a0En coop\u00e9ration avec nos alli\u00e9s de l\u2019OTAN, nous sommes pr\u00eats \u00e0 contrer les menaces hybrides et \u00e0 s\u00e9curiser le ciel\u00a0\u00bb, a affirm\u00e9 le minist\u00e8re.<\/p>\n<p>Le ministre belge de la D\u00e9fense, Theo Francken, a d\u00e9clar\u00e9 sur <a rel=\"noopener nofollow\" target=\"_blank\" href=\"https:\/\/x.com\/FranckenTheo\/status\/1987477338091651528\">X<\/a> le 9 novembre, \u00eatre \u00ab\u00a0reconnaissant envers nos amis britanniques pour leur r\u00e9activit\u00e9 et leur solidarit\u00e9\u00a0\u00bb.<\/p>\n<p>\u00ab\u00a0Le d\u00e9ploiement d\u2019une \u00e9quipe britannique anti-drones en Belgique renforce notre s\u00e9curit\u00e9 collective et t\u00e9moigne de notre unit\u00e9 face aux menaces hybrides\u00a0\u00bb, a-t-il ajout\u00e9.<\/p>\n<p>Le Royaume-Uni embo\u00eete ainsi le pas \u00e0 la France et \u00e0 l\u2019Allemagne pour soutenir la Belgique.<\/p>\n<p>Le 7 novembre, M.\u00a0Francken rappelait sur <a rel=\"noopener nofollow\" target=\"_blank\" href=\"https:\/\/x.com\/FranckenTheo\/status\/1986873188224250051\">X<\/a> que l\u2019envoi d\u2019une \u00e9quipe anti-drones par la France \u00ab\u00a0renforce notre s\u00e9curit\u00e9 collective et illustre l\u2019unit\u00e9 europ\u00e9enne face aux menaces hybrides\u00a0\u00bb.La veille, la d\u00e9l\u00e9gation allemande aupr\u00e8s de l\u2019OTAN annon\u00e7ait sur <a rel=\"noopener nofollow\" target=\"_blank\" href=\"https:\/\/x.com\/GermanyNATO\/status\/1986517152019435938\">X<\/a> avoir d\u00e9ploy\u00e9 des unit\u00e9s avanc\u00e9es de la Luftwaffe en Belgique, afin de coordonner la d\u00e9tection et la d\u00e9fense contre les drones avec leurs homologues belges.<strong>Multiplication des observations de drones<\/strong>\u00c0 <a rel=\"noopener nofollow\" target=\"_blank\" href=\"https:\/\/www.epochtimes.fr\/fermeture-des-aeroports-belges-en-raison-de-survols-de-drones-3101707.html\">deux<\/a> <a rel=\"noopener nofollow\" target=\"_blank\" href=\"https:\/\/www.epochtimes.fr\/des-drones-paralysent-le-deuxieme-plus-grand-aeroport-de-suede-de-nouvelles-observations-en-belgique-3103664.html\">occasions<\/a> distinctes la semaine derni\u00e8re, les a\u00e9roports de Li\u00e8ge-Bierset et de Bruxelles ont \u00e9t\u00e9 ferm\u00e9s, les vols annul\u00e9s, en raison de la pr\u00e9sence de drones.<\/p>\n<p>Des drones ont \u00e9galement \u00e9t\u00e9 rep\u00e9r\u00e9s au-dessus de deux bases militaires belges, Kleine-Brogel et Florennes, le 4 novembre. Ces \u00e9v\u00e8nements survenaient un jour apr\u00e8s des observations similaires au-dessus de Kleine\u2011Brogel, qui abrite des armes nucl\u00e9aires am\u00e9ricaines.<\/p>\n<p>M. Francken a confi\u00e9 apr\u00e8s la premi\u00e8re observation \u00e0 Kleine-Brogel que les drones pourraient \u00eatre utilis\u00e9s dans le cadre d\u2019une op\u00e9ration d\u2019espionnage, tout en refusant d\u2019accuser un groupe ou un acteur \u00e9tatique pr\u00e9cis (<a rel=\"noopener nofollow\" target=\"_blank\" href=\"https:\/\/www.epochtimes.fr\/des-drones-reperes-pres-dune-base-aerienne-pourraient-relever-dune-operation-despionnage-estime-le-ministre-belge-de-la-defense-3100272.html\">source<\/a>).Les intrusions en Belgique font suite \u00e0 des \u00e9v\u00e8nements similaires survenus ces derniers mois dans des pays europ\u00e9ens comme la <a rel=\"noopener nofollow\" target=\"_blank\" href=\"https:\/\/www.epochtimes.fr\/des-drones-paralysent-le-deuxieme-plus-grand-aeroport-de-suede-de-nouvelles-observations-en-belgique-3103664.html\">Su\u00e8de<\/a>, le <a rel=\"noopener nofollow\" target=\"_blank\" href=\"https:\/\/www.theepochtimes.com\/world\/denmark-reports-new-drone-sightings-at-armed-forces-locations-nato-boosts-baltic-sea-vigilance-5921597\">Danemark<\/a>, et la <a rel=\"noopener nofollow\" target=\"_blank\" href=\"https:\/\/www.theepochtimes.com\/world\/nato-strengthens-defenses-on-eastern-frontier-after-drone-incursion-in-poland-5914116\">Pologne<\/a>.<\/p>\n<p>Certains responsables europ\u00e9ens imputent ces incursions \u00e0 la Russie, bien que Moscou nie toute implication.<\/p>\n<p>M. Knighton n\u2019a pas voulu attribuer les survols de drones \u00e0 la Russie lorsqu\u2019il lui a \u00e9t\u00e9 sugg\u00e9r\u00e9 que leur origine pouvait \u00eatre russe.<\/p>\n<p>\u00ab\u00a0Il est important de pr\u00e9ciser que ni nous ni les Belges ne connaissons \u00e0 ce jour la provenance de ces drones\u00a0\u00bb, a\u2011t\u2011il indiqu\u00e9 \u00e0 la BBC.<\/p>\n<p><strong>Menaces croissantes<\/strong><\/p>\n<p>M. Knighton s\u2019est r\u00e9f\u00e9r\u00e9 \u00e0 la Strategic Defence Review du Royaume-Uni, une \u00e9valuation des capacit\u00e9s actuelles de d\u00e9fense et de s\u00e9curit\u00e9 du pays, indiquant que \u00ab notre avenir, comme notre pr\u00e9sent, est plus instable, plus incertain, et les menaces envers l\u2019alliance et le Royaume-Uni sont en croissance \u00bb.<\/p>\n<p>\u00ab\u00a0C\u2019est pourquoi nous devons moderniser nos moyens. C\u2019est pourquoi il nous faut garantir notre capacit\u00e9 \u00e0 mener des combats, et cela explique l\u2019engagement du gouvernement d\u2019investir des montants jamais atteints en mati\u00e8re de d\u00e9fense dans les prochaines ann\u00e9es, bien plus que ce que j\u2019ai connu au cours de ma carri\u00e8re\u00a0\u00bb, a-t-il pr\u00e9cis\u00e9.<\/p>\n<p>Plus t\u00f4t dans l\u2019ann\u00e9e, la quasi-totalit\u00e9 des membres de l\u2019OTAN ont convenu d\u2019augmenter les d\u00e9penses de d\u00e9fense \u00e0 5\u00a0% du produit int\u00e9rieur brut d\u2019ici \u00e0 2035.<\/p>\n<p>La volont\u00e9 des alli\u00e9s de l\u2019OTAN d\u2019accro\u00eetre les d\u00e9penses militaires et la collaboration accrue entre les partenaires europ\u00e9ens dans le domaine anti-drones s\u2019inscrivent dans le contexte de la guerre russo-ukrainienne, qui entre dans sa quatri\u00e8me ann\u00e9e.<\/p>\n<p><strong>Projets europ\u00e9ens de d\u00e9fense<\/strong>Le mois dernier, la Commission europ\u00e9enne <a rel=\"noopener nofollow\" target=\"_blank\" href=\"https:\/\/www.epochtimes.fr\/des-drones-reperes-pres-dune-base-aerienne-pourraient-relever-dune-operation-despionnage-estime-le-ministre-belge-de-la-defense-3100272.html\">a d\u00e9clar\u00e9<\/a> que l\u2019Europe doit se pr\u00e9parer \u00e0 faire face \u00e0 de nouvelles formes de conflits, tels que le sabotage de c\u00e2bles sous-marins, les cyberattaques et les incursions de drones.Le 16 octobre, la pr\u00e9sidente de la Commission europ\u00e9enne Ursula von der Leyen pr\u00e9sentait des <a rel=\"noopener nofollow\" target=\"_blank\" href=\"https:\/\/www.theepochtimes.com\/world\/eu-unveils-defense-roadmap-including-measures-to-counter-drones-defend-eastern-flank-5930459\">propositions<\/a> majeures pour quatre nouveaux projets de d\u00e9fense, dont la cr\u00e9ation d\u2019un mur anti-drones et le renforcement de la fronti\u00e8re orientale de l\u2019Europe, dans l\u2019objectif de renforcer la d\u00e9fense europ\u00e9enne \u00e0 l\u2019horizon\u00a02030.<\/p>\n<p>Des experts estiment que la r\u00e9activit\u00e9 de l\u2019UE face aux menaces pourrait transformer les modalit\u00e9s de protection de l\u2019espace a\u00e9rien au sein du continent et consolider son r\u00f4le dans la structure de l\u2019OTAN.<\/p>\n<p>Bartosz Grodecki et Maciej Romanow, analystes de l\u2019Institut Sobieski (Pologne), ont r\u00e9cemment affirm\u00e9 \u00e0 Epoch Times que les nouveaux plans de Bruxelles d\u00e9montrent \u00ab\u00a0que l\u2019Europe n\u2019attend plus passivement le soutien des \u00c9tats-Unis, mais investit activement dans sa d\u00e9fense\u00a0\u00bb.<\/p>\n<p>\u00ab\u00a0La cr\u00e9dibilit\u00e9 de l\u2019Europe est ainsi renforc\u00e9e aux yeux de Washington et un engagement sinc\u00e8re en faveur du partage des charges est d\u00e9montr\u00e9\u00a0\u00bb, <a rel=\"noopener nofollow\" target=\"_blank\" href=\"https:\/\/www.epochtimes.fr\/le-mur-de-drones-europeen-marque-un-tournant-vers-une-defense-autonome-3087013.html\">ont-ils soulign\u00e9<\/a>.<\/p>\n<p>Cette \u00e9volution \u00ab\u00a0fait passer l\u2019Europe du statut de b\u00e9n\u00e9ficiaire de s\u00e9curit\u00e9 \u00e0 celui de fournisseur\u00a0\u00bb, ajoutent\u2011ils.<\/p>\n<p>\u00ab\u00a0Pour les \u00c9tats-Unis, cela implique un partenariat plus \u00e9quilibr\u00e9, dans lequel les alli\u00e9s europ\u00e9ens assument une part du co\u00fbt financier et technologique.\u00a0\u00bb<\/p>\n","protected":false},"excerpt":{"rendered":"Le Royaume-Uni a accept\u00e9 d\u2019apporter un soutien militaire \u00e0 la Belgique apr\u00e8s que le pays a connu plusieurs&hellip;\n","protected":false},"author":2,"featured_media":525109,"comment_status":"","ping_status":"","sticky":false,"template":"","format":"standard","meta":{"footnotes":""},"categories":[1588],"tags":[11,1777,674,12,473,1853,1851,1850,1852],"class_list":{"0":"post-525108","1":"post","2":"type-post","3":"status-publish","4":"format-standard","5":"has-post-thumbnail","7":"category-royaume-uni","8":"tag-actualites","9":"tag-eu","10":"tag-europe","11":"tag-news","12":"tag-royaume-uni","13":"tag-royaume-uni-de-grande-bretagne-et-dirlande-du-nord","14":"tag-uk","15":"tag-united-kingdom","16":"tag-united-kingdom-of-great-britain-and-northern-ireland"},"share_on_mastodon":{"url":"","error":""},"_links":{"self":[{"href":"https:\/\/www.europesays.com\/fr\/wp-json\/wp\/v2\/posts\/525108","targetHints":{"allow":["GET"]}}],"collection":[{"href":"https:\/\/www.europesays.com\/fr\/wp-json\/wp\/v2\/posts"}],"about":[{"href":"https:\/\/www.europesays.com\/fr\/wp-json\/wp\/v2\/types\/post"}],"author":[{"embeddable":true,"href":"https:\/\/www.europesays.com\/fr\/wp-json\/wp\/v2\/users\/2"}],"replies":[{"embeddable":true,"href":"https:\/\/www.europesays.com\/fr\/wp-json\/wp\/v2\/comments?post=525108"}],"version-history":[{"count":0,"href":"https:\/\/www.europesays.com\/fr\/wp-json\/wp\/v2\/posts\/525108\/revisions"}],"wp:featuredmedia":[{"embeddable":true,"href":"https:\/\/www.europesays.com\/fr\/wp-json\/wp\/v2\/media\/525109"}],"wp:attachment":[{"href":"https:\/\/www.europesays.com\/fr\/wp-json\/wp\/v2\/media?parent=525108"}],"wp:term":[{"taxonomy":"category","embeddable":true,"href":"https:\/\/www.europesays.com\/fr\/wp-json\/wp\/v2\/categories?post=525108"},{"taxonomy":"post_tag","embeddable":true,"href":"https:\/\/www.europesays.com\/fr\/wp-json\/wp\/v2\/tags?post=525108"}],"curies":[{"name":"wp","href":"https:\/\/api.w.org\/{rel}","templated":true}]}}