{"id":525110,"date":"2025-11-10T14:56:16","date_gmt":"2025-11-10T14:56:16","guid":{"rendered":"https:\/\/www.europesays.com\/fr\/525110\/"},"modified":"2025-11-10T14:56:16","modified_gmt":"2025-11-10T14:56:16","slug":"le-libre-echange-quand-ca-nous-arrange-le-cas-allemand","status":"publish","type":"post","link":"https:\/\/www.europesays.com\/fr\/525110\/","title":{"rendered":"Le libre-\u00e9change quand \u00e7a nous arrange\u00a0: le cas allemand"},"content":{"rendered":"<p class=\"PopSlotParagraph qg-tx2 qg-xtra-lh svelte-1r0pyek\">Pour les Occidentaux, le libre-\u00e9change, c\u2019\u00e9tait bien\u2026 jusqu\u2019\u00e0 ce que \u00e7a ne les arrange plus. Bosch, le \u00ab\u00a0travail de pro\u00a0\u00bb pour les bricoleurs, va supprimer 13 000 emplois, soit 10\u202f% de ses effectifs. Et ce n\u2019est pas un cas isol\u00e9\u00a0: toute l\u2019industrie allemande \u2013 chimie, machines-outils, automobile \u2013 souffre et licencie. Face \u00e0 cette d\u00e9sindustrialisation qu\u2019on n\u2019aurait jamais imagin\u00e9 il y a 4 ou 5 ans, une partie du patronat allemand tente une v\u00e9ritable r\u00e9volution industrielle. Dans\u00a0cette chronique\u00a0<a href=\"https:\/\/www.radiofrance.fr\/franceculture\/podcasts\/le-fil-eco\" class=\"\" data-testid=\"link\" target=\"_blank\" rel=\"noopener\">Fil \u00e9co de France Culture,<\/a>\u00a0<a href=\"https:\/\/www.radiofrance.fr\/personnes\/arnaud-orain\" class=\"\" data-testid=\"link\" target=\"_blank\" rel=\"noopener\">Arnaud Orain<\/a>\u00a0explique comment la\u00a0concurrence chinoise grignote les march\u00e9s industriels allemands et oblige \u00e0 repenser le libre-\u00e9change. Faut-il alors changer les r\u00e8gles pour prot\u00e9ger l\u2019industrie nationale\u00a0?<\/p>\n<p> Le choc \u00e9nerg\u00e9tique et ses limites<\/p>\n<p class=\"PopSlotParagraph qg-tx2 qg-xtra-lh svelte-1r0pyek\">Bien s\u00fbr, il y a le choc \u00e9nerg\u00e9tique. L\u2019Allemagne ne peut plus produire \u00e0 aussi bon march\u00e9 qu\u2019avant avec les hydrocarbures russes, en raison de la guerre en Ukraine et des sanctions. Mais le fond du probl\u00e8me est ailleurs.<\/p>\n<p> Le choc chinois et la d\u00e9sillusion allemande<\/p>\n<p class=\"PopSlotParagraph qg-tx2 qg-xtra-lh svelte-1r0pyek\">Dans les ann\u00e9es 1990, puis surtout apr\u00e8s l\u2019entr\u00e9e de la Chine dans l\u2019Organisation mondiale du commerce en 2001, de nombreux pays occidentaux ont connu leur \u00ab\u00a0choc chinois\u00a0\u00bb.<\/p>\n<p class=\"PopSlotParagraph qg-tx2 qg-xtra-lh svelte-1r0pyek\">Les pays qui fabriquaient des produits de moyenne gamme ont perdu des millions d\u2019emplois, comme aux \u00c9tats-Unis ou en France. <strong>Longtemps, l\u2019Allemagne s\u2019est crue \u00e0 l\u2019abri.<\/strong> Elle a investi en Chine, souvent en livrant son savoir-faire, tout en maintenant un exc\u00e9dent commercial cons\u00e9quent.<\/p>\n<p class=\"PopSlotParagraph qg-tx2 qg-xtra-lh svelte-1r0pyek\">Mais d\u00e9sormais, la Chine sait tout faire, mieux et moins cher\u00a0: machines de pointe, chimie, automobiles, panneaux solaires, acier\u2026 Les exportations allemandes souffrent et la croissance stagne. C\u2019est l\u2019heure du \u00ab\u00a0choc chinois\u00a0\u00bb outre-Rhin.<\/p>\n<p> Les r\u00e9actions politiques et patronales<\/p>\n<p class=\"PopSlotParagraph qg-tx2 qg-xtra-lh svelte-1r0pyek\">Le Chancelier Merz d\u00e9fend le discours du monde d\u2019avant, celui du n\u00e9olib\u00e9ralisme\u00a0: plus d\u2019accords de libre-\u00e9change, moins de r\u00e9glementations, des r\u00e9formes du march\u00e9 europ\u00e9en.<\/p>\n<p class=\"PopSlotParagraph qg-tx2 qg-xtra-lh svelte-1r0pyek\">Mais de plus en plus d\u2019entrepreneurs et de politiques allemands plaident pour une autre approche. Les mots \u00ab\u00a0souverainet\u00e9\u00a0\u00bb,\u00a0 \u00ab\u00a0commandes militaires g\u00e9antes\u00a0\u00bb, \u00ab\u00a0lutte contre la concurrence chinoise\u00a0\u00bb se multiplient. La F\u00e9d\u00e9ration allemande des constructeurs de machines, au c\u0153ur du Mittelstand, r\u00e9clame des droits de douane pour freiner les importations chinoises.<\/p>\n<p> L\u2019histoire comme miroir du pr\u00e9sent<\/p>\n<p class=\"PopSlotParagraph qg-tx2 qg-xtra-lh svelte-1r0pyek\">Pour comprendre ce qui se joue, il faut remonter au XIXe si\u00e8cle. Apr\u00e8s l\u2019union douani\u00e8re allemande sous l\u2019\u00e9gide de la Prusse, les ann\u00e9es 1850-1870 voient le triomphe du libre-\u00e9change. Mais en 1879, confront\u00e9e \u00e0 des importations bon march\u00e9 de c\u00e9r\u00e9ales, de fer et de textiles venues de Russie, des \u00c9tats-Unis, de Belgique et d\u2019Angleterre, l\u2019Allemagne revient au protectionnisme assez agressif sous Bismarck.<\/p>\n<p class=\"PopSlotParagraph qg-tx2 qg-xtra-lh svelte-1r0pyek\">En 1860 comme en 1990, la science \u00e9conomique croyait \u00e0 la mondialisation heureuse par le libre-\u00e9change. Mais les le\u00e7ons de l\u2019histoire sont diff\u00e9rentes\u00a0: d\u00e8s qu\u2019un pays neuf d\u00e9veloppe des avantages \u00e0 l\u2019exportation, les gagnants d\u2019hier deviennent les perdants d\u2019aujourd\u2019hui, et cherchent \u00e0 changer les r\u00e8gles.<\/p>\n<p class=\"PopSlotParagraph qg-tx2 qg-xtra-lh svelte-1r0pyek\">Aujourd\u2019hui, la Chine, pays officiellement socialiste, d\u00e9fend le libre-\u00e9change aupr\u00e8s des instances internationales contre les capitalistes occidentaux. Le monde \u00e0 l\u2019envers\u00a0? Non, l\u2019\u00e9conomie, c\u2019est tout simplement politique.<\/p>\n<p class=\"PopSlotParagraph qg-tx2 qg-xtra-lh svelte-1r0pyek\">Cette chronique est \u00e0 r\u00e9\u00e9couter dans son int\u00e9gralit\u00e9 en cliquant sur le lecteur \u25ba (en haut de la page). \u00c9coutez et abonnez-vous \u00e0 la collection de podcasts\u00a0<a href=\"https:\/\/www.radiofrance.fr\/franceculture\/podcasts\/le-fil-eco\" class=\"\" data-testid=\"link\" target=\"_blank\" rel=\"noopener\">Le Fil \u00e9co<\/a><\/p>\n","protected":false},"excerpt":{"rendered":"Pour les Occidentaux, le libre-\u00e9change, c\u2019\u00e9tait bien\u2026 jusqu\u2019\u00e0 ce que \u00e7a ne les arrange plus. Bosch, le \u00ab\u00a0travail&hellip;\n","protected":false},"author":2,"featured_media":525111,"comment_status":"","ping_status":"","sticky":false,"template":"","format":"standard","meta":{"footnotes":""},"categories":[1587],"tags":[11,672,1804,1805,1803,1777,674,1801,12,1802],"class_list":{"0":"post-525110","1":"post","2":"type-post","3":"status-publish","4":"format-standard","5":"has-post-thumbnail","7":"category-allemagne","8":"tag-actualites","9":"tag-allemagne","10":"tag-bundesrepublik-deutschland","11":"tag-de","12":"tag-deutschland","13":"tag-eu","14":"tag-europe","15":"tag-germany","16":"tag-news","17":"tag-republique-federale-dallemagne"},"share_on_mastodon":{"url":"https:\/\/pubeurope.com\/@fr\/115525988205115374","error":""},"_links":{"self":[{"href":"https:\/\/www.europesays.com\/fr\/wp-json\/wp\/v2\/posts\/525110","targetHints":{"allow":["GET"]}}],"collection":[{"href":"https:\/\/www.europesays.com\/fr\/wp-json\/wp\/v2\/posts"}],"about":[{"href":"https:\/\/www.europesays.com\/fr\/wp-json\/wp\/v2\/types\/post"}],"author":[{"embeddable":true,"href":"https:\/\/www.europesays.com\/fr\/wp-json\/wp\/v2\/users\/2"}],"replies":[{"embeddable":true,"href":"https:\/\/www.europesays.com\/fr\/wp-json\/wp\/v2\/comments?post=525110"}],"version-history":[{"count":0,"href":"https:\/\/www.europesays.com\/fr\/wp-json\/wp\/v2\/posts\/525110\/revisions"}],"wp:featuredmedia":[{"embeddable":true,"href":"https:\/\/www.europesays.com\/fr\/wp-json\/wp\/v2\/media\/525111"}],"wp:attachment":[{"href":"https:\/\/www.europesays.com\/fr\/wp-json\/wp\/v2\/media?parent=525110"}],"wp:term":[{"taxonomy":"category","embeddable":true,"href":"https:\/\/www.europesays.com\/fr\/wp-json\/wp\/v2\/categories?post=525110"},{"taxonomy":"post_tag","embeddable":true,"href":"https:\/\/www.europesays.com\/fr\/wp-json\/wp\/v2\/tags?post=525110"}],"curies":[{"name":"wp","href":"https:\/\/api.w.org\/{rel}","templated":true}]}}