{"id":525112,"date":"2025-11-10T14:57:14","date_gmt":"2025-11-10T14:57:14","guid":{"rendered":"https:\/\/www.europesays.com\/fr\/525112\/"},"modified":"2025-11-10T14:57:14","modified_gmt":"2025-11-10T14:57:14","slug":"voici-les-consequences-en-france","status":"publish","type":"post","link":"https:\/\/www.europesays.com\/fr\/525112\/","title":{"rendered":"voici les cons\u00e9quences en France"},"content":{"rendered":"<p>            Par<br \/>\n        <strong><br \/>\n            <a href=\"https:\/\/actu.fr\/auteur\/briac-trebert\" title=\"Consulter tous les articles de Briac Tr\u00e9bert\" rel=\"nofollow noopener\" target=\"_blank\">Briac Tr\u00e9bert<\/a><br \/>\n        <\/strong><\/p>\n<p>        Publi\u00e9 le<\/p>\n<p>            10 nov. 2025 \u00e0 15h34        <\/p>\n<p>Du vent fort, des pluies \u00ab intenses et persistantes \u00bb\u2026. Les services <a href=\"https:\/\/actu.fr\/meteo\/\" rel=\"nofollow noopener\" target=\"_blank\">m\u00e9t\u00e9o<\/a> en <a href=\"https:\/\/actu.fr\/tag\/espagne\" rel=\"nofollow noopener\" target=\"_blank\">Espagne<\/a> lancent des alertes ce lundi 10 novembre 2025 concernant l\u2019arriv\u00e9e de la <strong>temp\u00eate Claudia<\/strong>. Elle touchera les \u00eeles Canaries, le Portugal et la partie ouest de l\u2019Espagne. Mais elle aura aussi <strong>des cons\u00e9quences directes et indirectes en France<\/strong>.<\/p>\n<p class=\" wall-content\">La premi\u00e8re sera l\u2019arriv\u00e9e d\u2019une masse d\u2019air anormalement chaude sur l\u2019Hexagone, avec des temp\u00e9ratures de plus de 25\u00b0C pr\u00e9vues dans le sud-ouest entre ce mercredi 12 novembre, ce jeudi 13 novembre et ce vendredi 14 novembre 2025.<\/p>\n<blockquote class=\"ac-article-quote wall-content\">\n<p>La temp\u00eate Claudia, situ\u00e9e dans l&rsquo;Atlantique, va s&rsquo;intensifier au nord-ouest de la p\u00e9ninsule Ib\u00e9rique, o\u00f9 elle devrait rester stationnaire toute la semaine. Elle atteindra les \u00eeles Canaries entre le mercredi 12 et le jeudi 13 novembre, apportant des averses qui pourraient \u00eatre fortes \u00e0 tr\u00e8s fortes, persistantes et accompagn\u00e9es d&rsquo;orages. Les pluies seront accompagn\u00e9es de fortes rafales de vent de sud-ouest, susceptibles de provoquer la chute de branches, d&rsquo;arbres, de corniches ou de structures fragiles ou mal entretenues. <\/p>\n<p>    <strong>L\u2019Aemet <\/strong><br \/>\n        L\u2019agence d&rsquo;\u00c9tat de m\u00e9t\u00e9orologie en Espagne     <\/p><\/blockquote>\n<p class=\" wall-content\">\n<p>Le vent de sud va se lever en France aussi\u00a0<\/p>\n<p class=\" wall-content\">La seconde sera le vent de sud qui va se lever dans les Pyr\u00e9n\u00e9es et \u00e0 proximit\u00e9, dans le Midi toulousain et le Tarn, <a href=\"https:\/\/actu.fr\/meteo\/un-vent-d-autan-qui-rend-fou-va-toucher-la-france-cette-semaine-avec-des-rafales-a-110-km-h-voici-ou_63414808.html\" rel=\"nofollow noopener\" target=\"_blank\">un vent d\u2019autan au seuil de la temp\u00eate<\/a> qui soufflera entre ce jeudi 13 et ce vendredi 14 novembre et qui devrait aussi balayer le Massif central. Et cette d\u00e9pression Claudia va aussi ramener de la pluie, parfois beaucoup de pluie, au sud de la Bretagne.\u00a0<\/p>\n<blockquote class=\"ac-article-quote wall-content\">\n<p>Le sud de la Bretagne sera directement expos\u00e9 \u00e0 cette remont\u00e9e subtropicale dans le prolongement des effets de Claudia avec des cumuls de pluie significatifs. <\/p>\n<p>    <strong>Yann Amice<\/strong><br \/>\n        M\u00e9t\u00e9orologue    <\/p><\/blockquote>\n<p class=\" wall-content\">\n    <img   decoding=\"async\" loading=\"lazy\" src=\"https:\/\/www.europesays.com\/fr\/wp-content\/uploads\/2025\/11\/eauprecipitableclaudia-960x640.jpeg\" alt=\"ddd\" width=\"960\" height=\"640\"\/><br \/>\n    Des valeurs d\u2019eau pr\u00e9cipitable sup\u00e9rieures \u00e0 40 millim\u00e8tres sont pr\u00e9vues dans le sillage de la temp\u00eate Claudia. (\u00a9WeatherNCo avec Meteologix)<br \/>\n    <img   decoding=\"async\" loading=\"lazy\" src=\"https:\/\/www.europesays.com\/fr\/wp-content\/uploads\/2025\/11\/pluietempeteclaudia-960x640.jpeg\" alt=\"eee\" width=\"960\" height=\"640\"\/><br \/>\n    Les cumuls de pluie pr\u00e9vus en France cette semaine d\u2019apr\u00e8s les mod\u00e8les m\u00e9t\u00e9o. (\u00a9WeatherNCo avec Meteologix)<br \/>\n    <img   decoding=\"async\" loading=\"lazy\" src=\"https:\/\/www.europesays.com\/fr\/wp-content\/uploads\/2025\/11\/temperaturesjeudi13novembre-960x640.jpeg\" alt=\"dddd\" width=\"960\" height=\"640\"\/><br \/>\n    Les temp\u00e9ratures pr\u00e9vues en France ces mercredi 12 novembre et jeudi 13 novembre 2025 d\u2019apr\u00e8s les mod\u00e8les m\u00e9t\u00e9o. (\u00a9WeatherNCo avec Meteologix)<\/p>\n<p>Semaine chaude en France<\/p>\n<p class=\" wall-content\">Cette semaine, sous l\u2019influence indirecte de Claudia, la France va aussi conna\u00eetre <strong>une semaine exceptionnellement chaude pour une mi-novembre<\/strong>. Dans un flux de sud bien \u00e9tabli, les temp\u00e9ratures vont s\u2019envoler, avec peut-\u00eatre des records pour cette p\u00e9riode de l\u2019ann\u00e9e.<\/p>\n<p>Votre r\u00e9gion, votre actu !<\/p>\n<p>Recevez chaque jour les infos qui comptent pour vous.<\/p>\n<p>\t<a href=\"https:\/\/actu.fr\/newsletter\" class=\"ac-btn ac-btn--corner ac-btn--medium ac-btn--blue800\" rel=\"nofollow noopener\" target=\"_blank\">S&rsquo;incrire<\/a><\/p>\n<p class=\" wall-content\">\u00ab\u00a0La France va se retrouver entre cette temp\u00eate Claudia sur l\u2019Atlantique, centr\u00e9e au large du Portugal, et un vaste anticyclone sur l\u2019Europe centrale\u00a0\u00bb, explique sur\u00a0actu.fr le m\u00e9t\u00e9orologue Yann Amice.<\/p>\n<p class=\" wall-content\">Entre les deux, le pays se trouvera ainsi en plein dans ce flux de sud en altitude, faisant remonter cet air tr\u00e8s chaud en provenance du nord de l\u2019Afrique, avec, dans ses bagages, du sable du Sahara.<\/p>\n<p class=\" wall-content\">Personnalisez votre actualit\u00e9 en ajoutant vos villes et m\u00e9dias en favori avec <a href=\"https:\/\/moncompte.actu.fr\" title=\"D\u00e9couvez Mon Actu\" rel=\"nofollow noopener\" data-trk=\"{&quot;cta&quot;:{&quot;action&quot;:&quot;https:\\\/\\\/moncompte.actu.fr&quot;,&quot;category&quot;:&quot;mon compte&quot;,&quot;from&quot;:&quot;article footer&quot;,&quot;name&quot;:&quot;Mon actu&quot;,&quot;type&quot;:&quot;cta&quot;}}\" target=\"_blank\">Mon Actu<\/a>.<\/p>\n","protected":false},"excerpt":{"rendered":"Par Briac Tr\u00e9bert Publi\u00e9 le 10 nov. 2025 \u00e0 15h34 Du vent fort, des pluies \u00ab intenses et&hellip;\n","protected":false},"author":2,"featured_media":525113,"comment_status":"","ping_status":"","sticky":false,"template":"","format":"standard","meta":{"footnotes":""},"categories":[1586],"tags":[11,123,1777,674,1011,27,2839,2487,2357,12,25],"class_list":{"0":"post-525112","1":"post","2":"type-post","3":"status-publish","4":"format-standard","5":"has-post-thumbnail","7":"category-europe","8":"tag-actualites","9":"tag-espagne","10":"tag-eu","11":"tag-europe","12":"tag-fr","13":"tag-france","14":"tag-inondations","15":"tag-meteo","16":"tag-meteo-france","17":"tag-news","18":"tag-republique-francaise"},"share_on_mastodon":{"url":"https:\/\/pubeurope.com\/@fr\/115525993063089042","error":""},"_links":{"self":[{"href":"https:\/\/www.europesays.com\/fr\/wp-json\/wp\/v2\/posts\/525112","targetHints":{"allow":["GET"]}}],"collection":[{"href":"https:\/\/www.europesays.com\/fr\/wp-json\/wp\/v2\/posts"}],"about":[{"href":"https:\/\/www.europesays.com\/fr\/wp-json\/wp\/v2\/types\/post"}],"author":[{"embeddable":true,"href":"https:\/\/www.europesays.com\/fr\/wp-json\/wp\/v2\/users\/2"}],"replies":[{"embeddable":true,"href":"https:\/\/www.europesays.com\/fr\/wp-json\/wp\/v2\/comments?post=525112"}],"version-history":[{"count":0,"href":"https:\/\/www.europesays.com\/fr\/wp-json\/wp\/v2\/posts\/525112\/revisions"}],"wp:featuredmedia":[{"embeddable":true,"href":"https:\/\/www.europesays.com\/fr\/wp-json\/wp\/v2\/media\/525113"}],"wp:attachment":[{"href":"https:\/\/www.europesays.com\/fr\/wp-json\/wp\/v2\/media?parent=525112"}],"wp:term":[{"taxonomy":"category","embeddable":true,"href":"https:\/\/www.europesays.com\/fr\/wp-json\/wp\/v2\/categories?post=525112"},{"taxonomy":"post_tag","embeddable":true,"href":"https:\/\/www.europesays.com\/fr\/wp-json\/wp\/v2\/tags?post=525112"}],"curies":[{"name":"wp","href":"https:\/\/api.w.org\/{rel}","templated":true}]}}