{"id":52512,"date":"2025-04-25T19:34:21","date_gmt":"2025-04-25T19:34:21","guid":{"rendered":"https:\/\/www.europesays.com\/fr\/52512\/"},"modified":"2025-04-25T19:34:21","modified_gmt":"2025-04-25T19:34:21","slug":"fiche-pour-evasion-dans-les-cotes-darmor-il-est-arrete-a-saint-etienne","status":"publish","type":"post","link":"https:\/\/www.europesays.com\/fr\/52512\/","title":{"rendered":"Fich\u00e9 pour \u00e9vasion dans les C\u00f4tes-d&rsquo;Armor, il est arr\u00eat\u00e9 \u00e0 Saint-Etienne"},"content":{"rendered":"<p><img decoding=\"async\" class=\"\" style=\"width:100%\" src=\"https:\/\/www.europesays.com\/fr\/wp-content\/uploads\/2025\/04\/technology_g439ae2d1d_64016599514161011660029994977.jpg\" alt=\"gyrophare police\"\/><\/p>\n<p>gyrophare police<\/p>\n<p>Cr\u00e9dit : gyrophare police<\/p>\n<p>Les faits remontent \u00e0 mercredi. Il est minuit et quart quand la BAC arr\u00eate un homme de 35 ans, boulevard Normandie Niemen, dans le quartier de Montplaisir, \u00e0 Saint-Etienne. Ce dernier n&rsquo;a pas de permis de conduire.<\/p>\n<p>Les policiers d\u00e9couvrent surtout que le conducteur est sous le coup d&rsquo;une fiche \u00e9vasion, puisqu&rsquo;il a coup\u00e9 son bracelet \u00e9lectronique, re\u00e7u apr\u00e8s une condamnation dans les C\u00f4tes-d&rsquo;Armor, en Bretagne.<\/p>\n<p>Pr\u00e9sent\u00e9 \u00e0 un magistrat, le trentenaire a depuis \u00e9t\u00e9 incarc\u00e9r\u00e9 \u00e0 la prison de la Talaudi\u00e8re.<\/p>\n","protected":false},"excerpt":{"rendered":"gyrophare police Cr\u00e9dit : gyrophare police Les faits remontent \u00e0 mercredi. Il est minuit et quart quand la&hellip;\n","protected":false},"author":2,"featured_media":52513,"comment_status":"","ping_status":"","sticky":false,"template":"","format":"standard","meta":{"footnotes":""},"categories":[9653],"tags":[1111,11,11354,2430,14580,1777,674,6017,1011,27,3367,12,10910,25,4001],"class_list":{"0":"post-52512","1":"post","2":"type-post","3":"status-publish","4":"format-standard","5":"has-post-thumbnail","7":"category-saint-etienne","8":"tag-actu","9":"tag-actualites","10":"tag-arrete","11":"tag-auvergne-rhone-alpes","12":"tag-cotes_d_armor","13":"tag-eu","14":"tag-europe","15":"tag-fait-divers","16":"tag-fr","17":"tag-france","18":"tag-loire","19":"tag-news","20":"tag-policier","21":"tag-republique-francaise","22":"tag-saint-etienne"},"share_on_mastodon":{"url":"https:\/\/pubeurope.com\/@fr\/114400281705650959","error":""},"_links":{"self":[{"href":"https:\/\/www.europesays.com\/fr\/wp-json\/wp\/v2\/posts\/52512","targetHints":{"allow":["GET"]}}],"collection":[{"href":"https:\/\/www.europesays.com\/fr\/wp-json\/wp\/v2\/posts"}],"about":[{"href":"https:\/\/www.europesays.com\/fr\/wp-json\/wp\/v2\/types\/post"}],"author":[{"embeddable":true,"href":"https:\/\/www.europesays.com\/fr\/wp-json\/wp\/v2\/users\/2"}],"replies":[{"embeddable":true,"href":"https:\/\/www.europesays.com\/fr\/wp-json\/wp\/v2\/comments?post=52512"}],"version-history":[{"count":0,"href":"https:\/\/www.europesays.com\/fr\/wp-json\/wp\/v2\/posts\/52512\/revisions"}],"wp:featuredmedia":[{"embeddable":true,"href":"https:\/\/www.europesays.com\/fr\/wp-json\/wp\/v2\/media\/52513"}],"wp:attachment":[{"href":"https:\/\/www.europesays.com\/fr\/wp-json\/wp\/v2\/media?parent=52512"}],"wp:term":[{"taxonomy":"category","embeddable":true,"href":"https:\/\/www.europesays.com\/fr\/wp-json\/wp\/v2\/categories?post=52512"},{"taxonomy":"post_tag","embeddable":true,"href":"https:\/\/www.europesays.com\/fr\/wp-json\/wp\/v2\/tags?post=52512"}],"curies":[{"name":"wp","href":"https:\/\/api.w.org\/{rel}","templated":true}]}}