{"id":525126,"date":"2025-11-10T15:06:14","date_gmt":"2025-11-10T15:06:14","guid":{"rendered":"https:\/\/www.europesays.com\/fr\/525126\/"},"modified":"2025-11-10T15:06:14","modified_gmt":"2025-11-10T15:06:14","slug":"titre-a-metz-learner-tien-atteint-la-premiere-fois-le-top-30-au-classement-atp-benjamin-bonzi-degringole-lequipe","status":"publish","type":"post","link":"https:\/\/www.europesays.com\/fr\/525126\/","title":{"rendered":"Titr\u00e9 \u00e0 Metz, Learner Tien atteint la premi\u00e8re fois le top 30 au classement ATP, Benjamin Bonzi d\u00e9gringole &#8211; L&#039;\u00c9quipe"},"content":{"rendered":"<ol>\n<li><a href=\"https:\/\/news.google.com\/rss\/articles\/CBMi6AFBVV95cUxNdmhFSGtLX283dmU3NEpMT1M5eHBuS2VZTi1aQ0tKdFhwdUE2LWpsNnhEbUNkTGc4MlQ5WHNaLXVQMnJaRDlKUUVuUkZCYWIyM2RjLVYzVjJsTFRjQVF1eDRQalhTcXVyZl9VX0d0aDM5bFpWd3FyMU1DdFc4bnh3SmRNcUptR01iSWwyN0FiUjJELWQxbWRVc2txbGVaMFRRN1NXTDNGLUZrSUpUU2ZkeWRiNlpDWWw1WjNBZzlyaWNDOUd0NzNRd0l1NEN6VlRpbGotOURabmZpMnkxd2tnM1ROUi1TcnNS?oc=5\" target=\"_blank\" rel=\"nofollow noopener\">Titr\u00e9 \u00e0 Metz, Learner Tien atteint la premi\u00e8re fois le top 30 au classement ATP, Benjamin Bonzi d\u00e9gringole<\/a>&nbsp;&nbsp;L&rsquo;\u00c9quipe<\/li>\n<li><a href=\"https:\/\/news.google.com\/rss\/articles\/CBMijwJBVV95cUxNajZENm5waUFpLVRYQ3gtejFIUEc1UXdiemxaNEpLUVRoZHJsYXpibUxIMnNLeVNvWVF0UEhTSDc4RU40ck5VVXFvX3UxOXlLMjdzbm9ITjhJZlQwSFJPUmxvMVpRZ0IxRGFlNGN0OEgtRmJoMTRsY0pzNjd0aUZsLWJpd0M5QUdpb3dTYVQxelNxdGI3VnZCSm1abTUtcEtONU8xQm9SUGpqZ29hOE9GWkp1dXkxTGplSWJrRmhUU01FTnJoTjhhaWx2WGI0b3BQTEE4eEFmTHFmc1YyT3VqVXAtdjFLWmNkM1o1NGdfc0t3el9JRV9yY0RUX01aSU9HdDI3NlF2Q2toZ1BuQU5j?oc=5\" target=\"_blank\" rel=\"nofollow noopener\">Fin du Moselle Open de tennis : \u00ab\u00a0On a fait un beau ch\u00e2teau de sable, et le petit voisin vient le pi\u00e9tiner\u00a0\u00bb<\/a>&nbsp;&nbsp;francebleu.fr<\/li>\n<li><a href=\"https:\/\/news.google.com\/rss\/articles\/CBMijgJBVV95cUxNbHFjRmY1aHlDVXFMSGxKTi1xUmt2eHAzS24wSWxIYnlHQnVnWFdQN2ktQzhTUGpEY1pxVTBKZVd2OTBZdkl6TGFWNTVjVnZLQzdKeS1CQ21FU2VvbDNlOGhuZFJXRjhibWNndkhPWUFZNEUtSi0zVXFuVUFzNW1OZnRIbHdEX1NZbmJTSkU5Tkh6djNWeHlmZmhsUFdyQzRDQlo1NHJCdXZDdzYyUHJTWVlqS20yU0xpZnVoaFpoRXF5REJuUHBrMXVqamVNemUxdlJmWXp1SHFxSkdkQzcxb1gwUWstN0trQ2dobUN6ZWpIRjI1Z2hBWWJmWGxhd1JoWDE0aGZTSnYySWNpSmc?oc=5\" target=\"_blank\" rel=\"nofollow noopener\">Tien, une premi\u00e8re pour la der&rsquo;<\/a>&nbsp;&nbsp;Eurosport<\/li>\n<li><a href=\"https:\/\/news.google.com\/rss\/articles\/CBMi6AFBVV95cUxQazVQR1NTZHE0UEpSSHBlTUhSTklLQ2lFYXNmX2NrY25EUVZHdm53YkFhLV9HUVg2S1ZRbDBJY21SUzBpZjJMVy1ubnRZRk1UeTZSelpBX1J6QUdFd0lIZEtocG4yVmxuM3dCTXlua245SUl0aUtTNW1fOHM2VmpadnhBTmhhc20zLVFhV2h2bDNGd2UtMDJLMXpsUXpTeDhlWm5ucDEyTmliak1FamtPUk90TWVUM3hLTXk2QXVURjlIVGNwaVRUN2k0TnhMS2R5U2lpNE9YcWo4STJrQWRMaEpUWVZpNk15?oc=5\" target=\"_blank\" rel=\"nofollow noopener\">La disparition du tournoi de tennis de Metz, un \u00ab g\u00e2chis \u00e9norme pour le territoire lorrain \u00bb<\/a>&nbsp;&nbsp;Le Monde.fr<\/li>\n<li><a href=\"https:\/\/news.google.com\/rss\/articles\/CBMif0FVX3lxTE9FMXNTUDhuR0ZBc21QVWNESHRwbWZCd2M2eW5XcjhYZ1JOc3B3OE43aDhKWnRsNGFmS1NQV2k4Y3RTX254Tl9rUl80YmlXNHN5bDVYR2lFNlV3X3c5LS1EZXEtc19NQTNsS0JDWWxPaHJjandDZDRFWkRTS1Z0dnc?oc=5\" target=\"_blank\" rel=\"nofollow noopener\">Tennis. Learner Tien a triomph\u00e9, le Moselle Open a v\u00e9cu<\/a>&nbsp;&nbsp;Le Republicain Lorrain<\/li>\n<\/ol>\n","protected":false},"excerpt":{"rendered":"Titr\u00e9 \u00e0 Metz, Learner Tien atteint la premi\u00e8re fois le top 30 au classement ATP, Benjamin Bonzi d\u00e9gringole&nbsp;&nbsp;L&rsquo;\u00c9quipe&hellip;\n","protected":false},"author":2,"featured_media":525127,"comment_status":"","ping_status":"","sticky":false,"template":"","format":"standard","meta":{"footnotes":""},"categories":[1415],"tags":[1011,27,60,1467],"class_list":{"0":"post-525126","1":"post","2":"type-post","3":"status-publish","4":"format-standard","5":"has-post-thumbnail","7":"category-tennis","8":"tag-fr","9":"tag-france","10":"tag-sports","11":"tag-tennis"},"share_on_mastodon":{"url":"https:\/\/pubeurope.com\/@fr\/115526027385187161","error":""},"_links":{"self":[{"href":"https:\/\/www.europesays.com\/fr\/wp-json\/wp\/v2\/posts\/525126","targetHints":{"allow":["GET"]}}],"collection":[{"href":"https:\/\/www.europesays.com\/fr\/wp-json\/wp\/v2\/posts"}],"about":[{"href":"https:\/\/www.europesays.com\/fr\/wp-json\/wp\/v2\/types\/post"}],"author":[{"embeddable":true,"href":"https:\/\/www.europesays.com\/fr\/wp-json\/wp\/v2\/users\/2"}],"replies":[{"embeddable":true,"href":"https:\/\/www.europesays.com\/fr\/wp-json\/wp\/v2\/comments?post=525126"}],"version-history":[{"count":0,"href":"https:\/\/www.europesays.com\/fr\/wp-json\/wp\/v2\/posts\/525126\/revisions"}],"wp:featuredmedia":[{"embeddable":true,"href":"https:\/\/www.europesays.com\/fr\/wp-json\/wp\/v2\/media\/525127"}],"wp:attachment":[{"href":"https:\/\/www.europesays.com\/fr\/wp-json\/wp\/v2\/media?parent=525126"}],"wp:term":[{"taxonomy":"category","embeddable":true,"href":"https:\/\/www.europesays.com\/fr\/wp-json\/wp\/v2\/categories?post=525126"},{"taxonomy":"post_tag","embeddable":true,"href":"https:\/\/www.europesays.com\/fr\/wp-json\/wp\/v2\/tags?post=525126"}],"curies":[{"name":"wp","href":"https:\/\/api.w.org\/{rel}","templated":true}]}}