{"id":525132,"date":"2025-11-10T15:12:14","date_gmt":"2025-11-10T15:12:14","guid":{"rendered":"https:\/\/www.europesays.com\/fr\/525132\/"},"modified":"2025-11-10T15:12:14","modified_gmt":"2025-11-10T15:12:14","slug":"helene-mannarino-en-couple-avec-un-visage-familier-de-tf1","status":"publish","type":"post","link":"https:\/\/www.europesays.com\/fr\/525132\/","title":{"rendered":"H\u00e9l\u00e8ne Mannarino en couple avec\u2026 un visage familier de TF1 !"},"content":{"rendered":"<p>\u00ab\u00a0On m&rsquo;appelle\u00a0Bridget Jones. <a href=\"https:\/\/www.telestar.fr\/people\/helene-mannarino-a-t-elle-des-enfants-1732610\" target=\"_blank\" rel=\"noopener\"><br \/>\n30 ans, c\u00e9libataire, pas d&rsquo;enfants, en location<\/a>. Je n&rsquo;ai pas de<br \/>\npot de Nutella dans le placard mais je dois avoir des<br \/>\nChocapic\u00a0\u00bb, avait notamment indiqu\u00e9 H\u00e9l\u00e8ne Mannarino aupr\u00e8s de<br \/>\nGQ en 2020. \u00ab\u00a0J&rsquo;ai moi aussi envie d&rsquo;avoir des<br \/>\nenfants.\u00a0<strong>Je veux pouvoir donner de l&rsquo;amour \u00e0<br \/>\nquelqu&rsquo;un<\/strong>. Mais on verra\u00a0\u00bb, avait-elle ensuite confi\u00e9<br \/>\n\u00e0\u00a0Gala\u00a0deux ans plus tard.<\/p>\n<p>Toutefois, il semblerait qu&rsquo;H\u00e9l\u00e8ne Mannarino ne soit d\u00e9sormais<br \/>\nplus un c\u0153ur \u00e0 prendre. Si l&rsquo;on en croit certaines photos post\u00e9es<br \/>\npar la journaliste durant l&rsquo;\u00e9t\u00e9. <strong>Elle partagerait<br \/>\nactuellement la vie d&rsquo;un autre visage de TF1, Thomas<br \/>\nMekhiche<\/strong>. En effet, les deux pr\u00e9sentateurs vedettes de la<br \/>\npremi\u00e8re cha\u00eene ont pass\u00e9 leurs vacances ensemble. Cependant, les<br \/>\ndeux principaux int\u00e9ress\u00e9s n&rsquo;ont absolument rien confirm\u00e9 pour<br \/>\nl&rsquo;instant.<\/p>\n<blockquote class=\"instagram-media\" style=\"background: #ffffff;border: 0;margin: 1px;width: 100%;padding: 0;max-width: 500px;\" data-instgrm-permalink=\"https:\/\/www.instagram.com\/p\/DQwq6z7CNl0\/?hl=fr&amp;img_index=1\" data-instgrm-version=\"14\"\/><p>\nLe nouveau compagnon de l&rsquo;animatrice<br \/>\nest l&rsquo;un des visages r\u00e9currents de l&rsquo;\u00e9mission culte T\u00e9l\u00e9foot<\/p>\n<p>Pour rappel, Thomas Mekhiche est l&rsquo;un des visages r\u00e9currents du<br \/>\nservice des sports de TF1. <strong>Chroniqueur au sein de<br \/>\nl&rsquo;\u00e9mission dominicale culte T\u00e9l\u00e9foot.<\/strong> Il est \u00e9galement aux<br \/>\ncommandes du programme baptis\u00e9 L\u2019apr\u00e8s match. Diffus\u00e9 apr\u00e8s chaque<br \/>\nrencontre de football retransmises en direct sur l&rsquo;antenne de la<br \/>\npremi\u00e8re cha\u00eene. Le journaliste pr\u00e9sente aussi r\u00e9guli\u00e8rement depuis<br \/>\nquelques mois les tirages du jeu intitul\u00e9 EuroDreams sur TF1.<\/p>\n<p>Avant de rejoindre TF1, H\u00e9l\u00e8ne Mannarino s&rsquo;\u00e9tait r\u00e9v\u00e9l\u00e9e sur<br \/>\nl&rsquo;antenne d&rsquo;Europe 1 gr\u00e2ce \u00e0 ses \u00ab\u00a0Portraits<br \/>\ninattendus\u00a0\u00bb. Une chronique qu&rsquo;elle a ensuite reprise<br \/>\nquelques temps dans la matinale de Bruce Toussaint sur TF1. Mais<br \/>\nqui s&rsquo;est malheureusement vite arr\u00eat\u00e9e. \u00ab\u00a0<strong>On a tent\u00e9.<br \/>\nMais la dur\u00e9e \u00e9tait trop courte pour d\u00e9velopper le<br \/>\nportrait.<\/strong> Qui n\u2019avait pas sa place dans une matinale<br \/>\nd&rsquo;info comme Bonjour !\u00a0\u00bb, avait ainsi d\u00e9clar\u00e9 H\u00e9l\u00e8ne Mannarino<br \/>\ndans l&rsquo;\u00e9mission Buzz TV\u00a0du Figaro.<\/p>\n<p><script async src=\"\/\/www.instagram.com\/embed.js\"><\/script><\/p>\n","protected":false},"excerpt":{"rendered":"\u00ab\u00a0On m&rsquo;appelle\u00a0Bridget Jones. 30 ans, c\u00e9libataire, pas d&rsquo;enfants, en location. Je n&rsquo;ai pas de pot de Nutella dans&hellip;\n","protected":false},"author":2,"featured_media":525133,"comment_status":"","ping_status":"","sticky":false,"template":"","format":"standard","meta":{"footnotes":""},"categories":[1359],"tags":[1193,58,59,1011,27,973],"class_list":{"0":"post-525132","1":"post","2":"type-post","3":"status-publish","4":"format-standard","5":"has-post-thumbnail","7":"category-people","8":"tag-couple","9":"tag-divertissement","10":"tag-entertainment","11":"tag-fr","12":"tag-france","13":"tag-people"},"share_on_mastodon":{"url":"https:\/\/pubeurope.com\/@fr\/115526051138215211","error":""},"_links":{"self":[{"href":"https:\/\/www.europesays.com\/fr\/wp-json\/wp\/v2\/posts\/525132","targetHints":{"allow":["GET"]}}],"collection":[{"href":"https:\/\/www.europesays.com\/fr\/wp-json\/wp\/v2\/posts"}],"about":[{"href":"https:\/\/www.europesays.com\/fr\/wp-json\/wp\/v2\/types\/post"}],"author":[{"embeddable":true,"href":"https:\/\/www.europesays.com\/fr\/wp-json\/wp\/v2\/users\/2"}],"replies":[{"embeddable":true,"href":"https:\/\/www.europesays.com\/fr\/wp-json\/wp\/v2\/comments?post=525132"}],"version-history":[{"count":0,"href":"https:\/\/www.europesays.com\/fr\/wp-json\/wp\/v2\/posts\/525132\/revisions"}],"wp:featuredmedia":[{"embeddable":true,"href":"https:\/\/www.europesays.com\/fr\/wp-json\/wp\/v2\/media\/525133"}],"wp:attachment":[{"href":"https:\/\/www.europesays.com\/fr\/wp-json\/wp\/v2\/media?parent=525132"}],"wp:term":[{"taxonomy":"category","embeddable":true,"href":"https:\/\/www.europesays.com\/fr\/wp-json\/wp\/v2\/categories?post=525132"},{"taxonomy":"post_tag","embeddable":true,"href":"https:\/\/www.europesays.com\/fr\/wp-json\/wp\/v2\/tags?post=525132"}],"curies":[{"name":"wp","href":"https:\/\/api.w.org\/{rel}","templated":true}]}}