{"id":525134,"date":"2025-11-10T15:13:12","date_gmt":"2025-11-10T15:13:12","guid":{"rendered":"https:\/\/www.europesays.com\/fr\/525134\/"},"modified":"2025-11-10T15:13:12","modified_gmt":"2025-11-10T15:13:12","slug":"hommages-a-erik-bulatov-peintre-non-conformiste-des-annees-sovietiques","status":"publish","type":"post","link":"https:\/\/www.europesays.com\/fr\/525134\/","title":{"rendered":"Hommages \u00e0 Erik Bulatov, peintre non-conformiste des ann\u00e9es sovi\u00e9tiques"},"content":{"rendered":"<p>\n    Cet artiste pro\u00e9minent du \u00abSretensky Boulevard Group\u00bb de Moscou, cercle dissident des ann\u00e9es 1960, vivait \u00e0 Paris depuis de longues ann\u00e9es. Il y est mort dimanche 9 novembre, \u00e0 92 ans.<\/p>\n<p class=\"fig-paragraph\">Avec la mort d\u2019<a href=\"https:\/\/www.lefigaro.fr\/arts-expositions\/2011\/11\/28\/03015-20111128ARTFIG00761-erik-bulatov-le-mot-fait-tableau.php\" data-fig-type=\"Article\" data-gtm-custom-categorie=\"navigation\" data-gtm-custom-action=\"crossclick\" data-gtm-custom-label=\"Contextuel\" data-gtm-event=\"customEventSPE\" data-fig-domain=\"LEFIGARO\" target=\"_blank\" rel=\"noopener\">Erik Bulatov<\/a>, \u00e0 92 ans, \u00e0 Paris dimanche 9 novembre, c\u2019est tout un pan de l\u2019histoire russe, sovi\u00e9tique et post-sovi\u00e9tique, qui entre d\u00e9finitivement dans l\u2019histoire universelle de l\u2019art. Cet homme, mince et r\u00e9sistant comme le roseau dans la temp\u00eate, a incarn\u00e9 la contre-culture sovi\u00e9tique, \u00e0 travers \u00abl\u2019art non-conformiste\u00bb des ann\u00e9es 1960 avec\u00a0<a href=\"http:\/\/www.lefigaro.fr\/arts-expositions\/mort-de-l-artiste-ilya-iossifovich-kabakov-quand-l-urss-etait-un-dur-concept-20230528\" data-fig-type=\"Article\" data-gtm-custom-categorie=\"navigation\" data-gtm-custom-action=\"crossclick\" data-gtm-custom-label=\"Contextuel\" data-gtm-event=\"customEventSPE\" data-fig-domain=\"LEFIGARO\" target=\"_blank\" rel=\"noopener\">feu Ilya Kabakov<\/a>, Edik Steinberg, Oleg Vassiliev, Vladimir Yankilevski, Ivan Chuikov et Viktor Pivovarov, r\u00e9unis dans le d\u00e9sormais c\u00e9l\u00e8bre \u00abSretensky Boulevard Group\u00bb de Moscou. Ce groupe informel, tout de discussions et de d\u00e9bats, fut expos\u00e9 au Garage Museum of Contemporary Art, le mus\u00e9e priv\u00e9 de Roman Abramovich et sa compagne d\u2019alors, Dasha Zhukova, en 2013 dans le pavillon cr\u00e9\u00e9 par l\u2019architecte Shigeru Ban au sein du Parc Gorki. Membre honoraire de l\u2019Acad\u00e9mie russe des arts en 2008, Chevalier des Arts et Lettres \u00e0 Paris en 2015, il vivait depuis des ann\u00e9es \u00e0 Paris, avec son \u00e9pouse Natasha. \u00abLe dernier g\u00e9ant de sa g\u00e9n\u00e9ration est parti\u00bb<\/p>\n<p class=\"fig-premium-paywall__infos\">\n        Cet article est r\u00e9serv\u00e9 aux abonn\u00e9s.        Il vous reste 89% \u00e0 d\u00e9couvrir.\n    <\/p>\n<p>                <img  data- alt=\"Le Figaro\" class=\"fig-img--complete fig-img\"\/><\/p>\n<p class=\"fig-premium-paywall__title\">Black Friday<\/p>\n<p class=\"fig-premium-paywall__subtitle\">-70% sur l&rsquo;abonnement num\u00e9rique<\/p>\n<p class=\"fig-premium-paywall__connect\">\n                D\u00e9j\u00e0 abonn\u00e9\u00a0?                <a class=\"fig-premium-paywall__connect-link\" href=\"https:\/\/connect.lefigaro.fr\/login?client=horizon_web&amp;type=main&amp;redirect_uri=https%3A%2F%2Fwww.lefigaro.fr%2Farts-expositions%2Fhommages-a-erik-bulatov-peintre-non-conformiste-des-annees-sovietiques-20251110\" data-js-gtm=\"{&quot;customCategorie&quot;: &quot;conversion&quot;, &quot;customAction&quot;: &quot;before_Landing_Connexion_paywall_auto&quot;, &quot;customLabel&quot;: &quot;bGVmaWdhcm8uZnJfXzFmMGJlMWI2LTQ4NTUtNjExYy05ZDQ0LTg3MGI0N2ZjYjZlOV9fQXJ0aWNsZQ==_Hommages \u00e0 Erik Bulatov, peintre non-conformiste des ann\u00e9es sovi\u00e9tiques_1000&quot;, &quot;customIDSPE&quot;: &quot;bGVmaWdhcm8uZnJfXzFmMGJlMWI2LTQ4NTUtNjExYy05ZDQ0LTg3MGI0N2ZjYjZlOV9fQXJ0aWNsZQ==&quot;, &quot;event&quot;: &quot;customEventSPE&quot;}\" target=\"_blank\" rel=\"noopener\"><br \/>\n                    Connectez-vous<br \/>\n                <\/a>\n            <\/p>\n","protected":false},"excerpt":{"rendered":"Cet artiste pro\u00e9minent du \u00abSretensky Boulevard Group\u00bb de Moscou, cercle dissident des ann\u00e9es 1960, vivait \u00e0 Paris depuis&hellip;\n","protected":false},"author":2,"featured_media":525135,"comment_status":"","ping_status":"","sticky":false,"template":"","format":"standard","meta":{"footnotes":""},"categories":[1358],"tags":[1348,1384,1385,4223,1386,58,59,1011,27,1585,132,18921],"class_list":{"0":"post-525134","1":"post","2":"type-post","3":"status-publish","4":"format-standard","5":"has-post-thumbnail","7":"category-arts-et-design","8":"tag-arts","9":"tag-arts-and-design","10":"tag-arts-et-design","11":"tag-centre-pompidou","12":"tag-design","13":"tag-divertissement","14":"tag-entertainment","15":"tag-fr","16":"tag-france","17":"tag-peinture","18":"tag-russie","19":"tag-urss"},"share_on_mastodon":{"url":"https:\/\/pubeurope.com\/@fr\/115526054918572738","error":""},"_links":{"self":[{"href":"https:\/\/www.europesays.com\/fr\/wp-json\/wp\/v2\/posts\/525134","targetHints":{"allow":["GET"]}}],"collection":[{"href":"https:\/\/www.europesays.com\/fr\/wp-json\/wp\/v2\/posts"}],"about":[{"href":"https:\/\/www.europesays.com\/fr\/wp-json\/wp\/v2\/types\/post"}],"author":[{"embeddable":true,"href":"https:\/\/www.europesays.com\/fr\/wp-json\/wp\/v2\/users\/2"}],"replies":[{"embeddable":true,"href":"https:\/\/www.europesays.com\/fr\/wp-json\/wp\/v2\/comments?post=525134"}],"version-history":[{"count":0,"href":"https:\/\/www.europesays.com\/fr\/wp-json\/wp\/v2\/posts\/525134\/revisions"}],"wp:featuredmedia":[{"embeddable":true,"href":"https:\/\/www.europesays.com\/fr\/wp-json\/wp\/v2\/media\/525135"}],"wp:attachment":[{"href":"https:\/\/www.europesays.com\/fr\/wp-json\/wp\/v2\/media?parent=525134"}],"wp:term":[{"taxonomy":"category","embeddable":true,"href":"https:\/\/www.europesays.com\/fr\/wp-json\/wp\/v2\/categories?post=525134"},{"taxonomy":"post_tag","embeddable":true,"href":"https:\/\/www.europesays.com\/fr\/wp-json\/wp\/v2\/tags?post=525134"}],"curies":[{"name":"wp","href":"https:\/\/api.w.org\/{rel}","templated":true}]}}