{"id":525138,"date":"2025-11-10T15:16:21","date_gmt":"2025-11-10T15:16:21","guid":{"rendered":"https:\/\/www.europesays.com\/fr\/525138\/"},"modified":"2025-11-10T15:16:21","modified_gmt":"2025-11-10T15:16:21","slug":"orelsan-apres-kylian-mbappe-hugues-aufray-sen-prend-au-rappeur","status":"publish","type":"post","link":"https:\/\/www.europesays.com\/fr\/525138\/","title":{"rendered":"Orelsan : apr\u00e8s Kylian Mbapp\u00e9, Hugues Aufray s\u2019en prend au rappeur"},"content":{"rendered":"<p>      R\u00e9sum\u00e9<\/p>\n<p>Quelle mouche a donc piqu\u00e9 Hugues Aufray ? Le chanteur de 96 ans a attaqu\u00e9 les rappeurs lors d&rsquo;une r\u00e9cente interview \u00e0 Sud Radio, \u00ab\u00a0de la rigolade\u00a0\u00bb selon lui.<\/p>\n<p>        Sommaire<\/p>\n<p>Hugues Aufray pourrait profiter d&rsquo;une paisible retraite <strong>depuis plus de trente ans<\/strong> mais n&rsquo;allez pas lui en parler ! \u00c7a ne semble absolument pas d&rsquo;actualit\u00e9 ! En effet, <a href=\"https:\/\/www.public.fr\/hugues-aufray-blackliste-des-festivals-le-chanteur-de-96-ans-furieux\" target=\"_blank\" rel=\"noopener\">le chanteur \u00e2g\u00e9 de 96 ans<\/a> n&rsquo;a pas l&rsquo;intention d&rsquo;arr\u00eater la musique. Preuve en est&#8230; A 96 ans, <a href=\"https:\/\/www.public.fr\/hugues-aufray-partage-une-photo-intime-de-sa-femme-de-45-ans-de-moins-pour-leur-anniversaire\" target=\"_blank\" rel=\"noopener\">le compagnon de Murielle<\/a> \u00e9tait au D\u00f4me de Paris ce dimanche 9 novembre pour donner le <strong>coup d&rsquo;envoi de sa nouvelle tourn\u00e9e<\/strong>. Elle l&#8217;emm\u00e8nera partout en France jusqu&rsquo;en mai 2026.<\/p>\n<p>Rien ne semble arr\u00eater Hugues Aufray qui, depuis 2023, est <strong><a href=\"https:\/\/www.public.fr\/hugues-aufray-blackliste-de-partout\" target=\"_blank\" rel=\"noopener\">l&rsquo;artiste masculin le plus \u00e2g\u00e9<\/a> de la chanson fran\u00e7aise encore en activit\u00e9<\/strong>. Il faut dire que son CV est particuli\u00e8rement impressionnant. Au fil de ses plus de soixante ans de carri\u00e8re, <a href=\"https:\/\/www.public.fr\/je-suis-sur-la-paille-hugues-aufray-ruine-et-force-de-vendre-sa-maison-a-marnes-la-coquette\" target=\"_blank\" rel=\"noopener\">le Francilien<\/a> a enregistr\u00e9 <strong>pr\u00e8s de quarante albums<\/strong> compos\u00e9s de tubes comme Santiano, C\u00e9line, Adieu monsieur le professeur ou encore Elle descend de la montagne. Toutefois, attention \u00e0 ne pas le mettre dans la mauvaise case. \u00ab\u00a0<strong>Moi, je ne suis pas un chanteur, je suis un f\u00e9d\u00e9rateur, un rassembleur<\/strong>\u00a0\u00bb a-t-il assur\u00e9 sur l&rsquo;antenne de <a href=\"https:\/\/www.sudradio.fr\/sud-radio\/hugues-aufray-le-rap-cest-pas-de-la-chanson\" target=\"_blank\" rel=\"noopener\">Sud Radio<\/a> ce 2 novembre.<\/p>\n<p>Un entretien au cours duquel Hugues Aufray a une nouvelle fois d\u00e9montr\u00e9 qu&rsquo;il n&rsquo;a <strong>pas la langue dans sa poche<\/strong>. Apr\u00e8s s&rsquo;en \u00eatre pris r\u00e9cemment aux <a href=\"https:\/\/www.public.fr\/hugues-aufray-blackliste-des-festivals-le-chanteur-de-96-ans-furieux\" target=\"_blank\" rel=\"noopener\">organisateurs de festivals<\/a>, le nonag\u00e9naire a d\u00e9voil\u00e9 sa<strong>nouvelle cible : les rappeurs<\/strong>. <a href=\"https:\/\/www.public.fr\/il-a-pas-un-rond-kylian-mbappe-fracasse-orelsan-sur-x-apres-une-mauvaise-interpretation-des-paroles-de-sa-chanson-la-petite-voix\" target=\"_blank\" rel=\"noopener\">Orelsan<\/a>, Booba, SCH ou encore Gims n&rsquo;ont qu&rsquo;\u00e0 bien se tenir.<\/p>\n<p>Hugues Aufray pas tendre avec les rappeurs <\/p>\n<p>Lors de cet entretien pour Sud Radio, <a href=\"https:\/\/www.google.com\/url?sa=t&amp;source=web&amp;rct=j&amp;opi=89978449&amp;url=https:\/\/vsd.fr\/85372-hugues-aufray-en-deuil-son-ami-et-temoin-de-mariage-jean-jacques-julien-est-decede\/&amp;ved=2ahUKEwjvj86hx-eQAxXwNfsDHaQPAx0QFnoECBoQAQ&amp;usg=AOvVaw3Rb-2LvsD0jyVMRsNy-ZIY\" target=\"_blank\" rel=\"noopener\">le p\u00e8re de famille<\/a> a commenc\u00e9 par r\u00e9pondre \u00e0 cette question : \u00ab\u00a0<strong>Vous avez travers\u00e9 plusieurs \u00e9poques de la chanson fran\u00e7aise. Qu&rsquo;est-ce qui a le plus chang\u00e9 selon vous ?<\/strong>\u00a0\u00bb C&rsquo;est alors qu&rsquo;Hugues Aufray n&rsquo;a pas m\u00e9nag\u00e9 ses \u00ab\u00a0confr\u00e8res\u00a0\u00bb. \u00ab\u00a0Tout a chang\u00e9, tout a chang\u00e9, mais c&rsquo;est normal. Aujourd&rsquo;hui, pratiquement, avec le rap, elle n&rsquo;existe plus, quoi. Parce que <strong>le rap, c&rsquo;est pas de la chanson. Le rap, c&rsquo;est un discours<\/strong>\u00ab\u00a0, a-t-il commenc\u00e9 par l\u00e2cher.<\/p>\n<p>Puis, sans citer de noms, <a href=\"https:\/\/www.google.com\/url?sa=t&amp;source=web&amp;rct=j&amp;opi=89978449&amp;url=https:\/\/vsd.fr\/60418-hugues-aufray-radical-sur-aya-nakamura-sa-declaration-qui-suscite-enormement-de-reactions\/&amp;ved=2ahUKEwjvj86hx-eQAxXwNfsDHaQPAx0QFnoECBsQAQ&amp;usg=AOvVaw3vvMwcnpU2YnIHCURY3Dt9\" target=\"_blank\" rel=\"noopener\">l&rsquo;artiste<\/a> a poursuivi : \u00ab\u00a0Aujourd&rsquo;hui, <strong>les rappeurs se prennent pour des po\u00e8tes<\/strong>, ils pensent qu&rsquo;ils sont les nouveaux Rimbaud. <strong>C&rsquo;est de la rigolade<\/strong> [&#8230;] \u00c7a permet aux jeunes de s&rsquo;exprimer. Ils n&rsquo;ont pas grand-chose \u00e0 dire, mais ils le disent\u00a0\u00bb. Un tacle bien senti qui ne devrait toutefois pas an\u00e9antir Gims, Booba, Orelsan et ses camarades habitu\u00e9s aux clashs en tous genres. Orelsan qui, pour rappel, est <strong>d\u00e9j\u00e0 la <a href=\"https:\/\/www.public.fr\/je-suis-trop-heureux-orelsan-apres-avoir-ete-tacle-par-kylian-mbappe-sa-reponse-parfaite\" target=\"_blank\" rel=\"noopener\">cible de Kylian Mbapp\u00e9<\/a><\/strong> depuis le 7 novembre et la sortie de son nouvel album La Fuite en avant. <\/p>\n<p><a href=\"https:\/\/www.google.com\/url?sa=t&amp;source=web&amp;rct=j&amp;opi=89978449&amp;url=https:\/\/vsd.fr\/88502-kylian-mbappe-affole-les-compteurs-et-depasse-zidane\/&amp;ved=2ahUKEwiR4Mi0yOeQAxXgVKQEHU_cBqQQFnoECB0QAQ&amp;usg=AOvVaw24iaWuJU7VObKa_9MCb07w\" target=\"_blank\" rel=\"noopener\">L&rsquo;attaquant des Bleus et du Real Madrid<\/a> n&rsquo;a pas du tout appr\u00e9ci\u00e9 un de ses titres intitul\u00e9 La petite voix. Orelsan y chante : \u00ab\u00a0Et fais pas semblant d\u2019aimer ta ville, elle est claqu\u00e9e\/Elle est morte, c\u2019est pour \u00e7a qu\u2019on vous appelle \u00ab\u00a0Caennais\u00a0\u00bb\/ Elle est remplie d\u2019ploucs que tu peux m\u00eame pas saquer\/<strong>Ouais, tu vas faire couler ta ville comme les Mbapp\u00e9<\/strong>\u00ab\u00a0. Depuis, <a href=\"https:\/\/www.google.com\/url?sa=t&amp;source=web&amp;rct=j&amp;opi=89978449&amp;url=https:\/\/vsd.fr\/87680-il-reste-encore-une-personne-a-depasser-kylian-mbappe-objectif-declare-devenir-le-meilleur-buteur-de-lhistoire-des-bleus\/&amp;ved=2ahUKEwjq3fvOyeeQAxUCWqQEHZwFGkoQFnoECCsQAQ&amp;usg=AOvVaw2O2bVqM5i0HRTSGxnfsIyA\" target=\"_blank\" rel=\"noopener\">la star du ballon rond<\/a> est devenue la ris\u00e9e du web. Visiblement, il n&rsquo;aurait absolument pas compris le sens de la chanson.<\/p>\n<p>\n          Hits &amp; People en continu\n        <\/p>\n<p>\n          Public Radio\n        <\/p>\n<p>      Mentionn\u00e9s dans cet article<\/p>\n<p>      Sur le m\u00eame sujet<\/p>\n","protected":false},"excerpt":{"rendered":"R\u00e9sum\u00e9 Quelle mouche a donc piqu\u00e9 Hugues Aufray ? Le chanteur de 96 ans a attaqu\u00e9 les rappeurs&hellip;\n","protected":false},"author":2,"featured_media":525139,"comment_status":"","ping_status":"","sticky":false,"template":"","format":"standard","meta":{"footnotes":""},"categories":[1355],"tags":[1695,5551,1696,12232,58,59,1011,27,2840,6477,1361,873,21953,6198],"class_list":{"0":"post-525138","1":"post","2":"type-post","3":"status-publish","4":"format-standard","5":"has-post-thumbnail","7":"category-musique","8":"tag-chanson","9":"tag-chanson-francaise","10":"tag-chanteur","11":"tag-clash","12":"tag-divertissement","13":"tag-entertainment","14":"tag-fr","15":"tag-france","16":"tag-hugues-aufray","17":"tag-kylian-mbappe","18":"tag-music","19":"tag-musique","20":"tag-orelsan","21":"tag-rappeur"},"share_on_mastodon":{"url":"https:\/\/pubeurope.com\/@fr\/115526066782575099","error":""},"_links":{"self":[{"href":"https:\/\/www.europesays.com\/fr\/wp-json\/wp\/v2\/posts\/525138","targetHints":{"allow":["GET"]}}],"collection":[{"href":"https:\/\/www.europesays.com\/fr\/wp-json\/wp\/v2\/posts"}],"about":[{"href":"https:\/\/www.europesays.com\/fr\/wp-json\/wp\/v2\/types\/post"}],"author":[{"embeddable":true,"href":"https:\/\/www.europesays.com\/fr\/wp-json\/wp\/v2\/users\/2"}],"replies":[{"embeddable":true,"href":"https:\/\/www.europesays.com\/fr\/wp-json\/wp\/v2\/comments?post=525138"}],"version-history":[{"count":0,"href":"https:\/\/www.europesays.com\/fr\/wp-json\/wp\/v2\/posts\/525138\/revisions"}],"wp:featuredmedia":[{"embeddable":true,"href":"https:\/\/www.europesays.com\/fr\/wp-json\/wp\/v2\/media\/525139"}],"wp:attachment":[{"href":"https:\/\/www.europesays.com\/fr\/wp-json\/wp\/v2\/media?parent=525138"}],"wp:term":[{"taxonomy":"category","embeddable":true,"href":"https:\/\/www.europesays.com\/fr\/wp-json\/wp\/v2\/categories?post=525138"},{"taxonomy":"post_tag","embeddable":true,"href":"https:\/\/www.europesays.com\/fr\/wp-json\/wp\/v2\/tags?post=525138"}],"curies":[{"name":"wp","href":"https:\/\/api.w.org\/{rel}","templated":true}]}}