{"id":52514,"date":"2025-04-25T19:35:24","date_gmt":"2025-04-25T19:35:24","guid":{"rendered":"https:\/\/www.europesays.com\/fr\/52514\/"},"modified":"2025-04-25T19:35:24","modified_gmt":"2025-04-25T19:35:24","slug":"loire-on-vous-embarque-en-covoiturage-dans-le-centre-ville-de-saint-etienne-en-1952","status":"publish","type":"post","link":"https:\/\/www.europesays.com\/fr\/52514\/","title":{"rendered":"Loire. On vous embarque en covoiturage dans le centre-ville de Saint-\u00c9tienne\u2026 en 1952"},"content":{"rendered":"<p class=\"insetTitle\">Henri Catonnet, \u00ab\u00a0une voix et un accent st\u00e9phanois inimitables\u00a0\u00bb<\/p>\n<p>Les images d\u2019Henri Catonnet (d\u00e9c\u00e9d\u00e9 en 1989) constituent l\u2019une des plus importantes contributions apport\u00e9es \u00e0 la Cin\u00e9math\u00e8que de Saint-\u00c9tienne\u00a0: \u00ab\u00a0En 1995, sa fille et sa femme ont d\u00e9pos\u00e9 170 films tourn\u00e9s en 16\u00a0mm et 9,5\u00a0mm principalement et quelques-uns en 8\u00a0mm. \u00c7a reste l\u2019un des plus gros d\u00e9p\u00f4ts en provenance d\u2019un cin\u00e9aste amateur\u00a0\u00bb, pr\u00e9cise Jo\u00eblle Virissel, archiviste dans l\u2019\u00e9tablissement municipal. Le r\u00e9alisateur exer\u00e7ait le m\u00e9tier de fumiste\u00a0: \u00ab\u00a0Il installait et construisait des fours en briques r\u00e9fractaires dans les boulangeries et p\u00e2tisseries de Saint-\u00c9tienne. Pendant ses d\u00e9placements professionnels, il assouvira sa passion pour le cin\u00e9ma. Membre du Cam\u00e9ra-club for\u00e9zien et de l\u2019Automobile-club du Forez, il a tourn\u00e9 partout.\u00a0\u00bb<\/p>\n<p>La municipalit\u00e9 avait mandat\u00e9 Henri Catonnet pour faire certains courts-m\u00e9trages\u00a0: \u00ab De la Terrasse \u00e0 Bellevue est muet mais des films ont \u00e9t\u00e9 sonoris\u00e9s avec sa signature mythique\u00a0: son accent st\u00e9phanois, d\u00e9taille Jo\u00eblle Virissel. Ses commentaires sont toujours assez dr\u00f4les. Il avait de l\u2019humour et en rajoutait beaucoup dans ses narrations.\u00a0\u00bb<\/p>\n<p>En 2018, \u00c9liane Saintantoine (d\u00e9c\u00e9d\u00e9e en 2024), la fille du cin\u00e9aste amateur, avait expliqu\u00e9 \u00e0 la Cin\u00e9math\u00e8que\u00a0: \u00ab\u00a0Le cin\u00e9ma \u00e9tait la vie de mon p\u00e8re. Entre les films de la famille et les documentaires qu\u2019il pourchassait, toujours la cam\u00e9ra en bandouli\u00e8re, il \u00e9tait heureux\u00a0! Nous, \u00e0 la maison, un peu moins. Par rapport \u00e0 l\u2019argent qu\u2019il d\u00e9pensait (dans le mat\u00e9riel) et ses absences. Il \u00e9tait toujours par monts et par vaux\u00a0\u00bb.<\/p>\n","protected":false},"excerpt":{"rendered":"Henri Catonnet, \u00ab\u00a0une voix et un accent st\u00e9phanois inimitables\u00a0\u00bb Les images d\u2019Henri Catonnet (d\u00e9c\u00e9d\u00e9 en 1989) constituent l\u2019une&hellip;\n","protected":false},"author":2,"featured_media":52515,"comment_status":"","ping_status":"","sticky":false,"template":"","format":"standard","meta":{"footnotes":""},"categories":[9653],"tags":[1111,11,2430,650,1687,7539,1777,674,107,1011,27,937,3367,12,25,4001,7538,273,104],"class_list":{"0":"post-52514","1":"post","2":"type-post","3":"status-publish","4":"format-standard","5":"has-post-thumbnail","7":"category-saint-etienne","8":"tag-actu","9":"tag-actualites","10":"tag-auvergne-rhone-alpes","11":"tag-cinema","12":"tag-culture-loisirs","13":"tag-edition-loire-sud","14":"tag-eu","15":"tag-europe","16":"tag-fil-info","17":"tag-fr","18":"tag-france","19":"tag-histoire","20":"tag-loire","21":"tag-news","22":"tag-republique-francaise","23":"tag-saint-etienne","24":"tag-saint-etienne-ville","25":"tag-selection-de-la-redaction","26":"tag-societe"},"share_on_mastodon":{"url":"https:\/\/pubeurope.com\/@fr\/114400285555344035","error":""},"_links":{"self":[{"href":"https:\/\/www.europesays.com\/fr\/wp-json\/wp\/v2\/posts\/52514","targetHints":{"allow":["GET"]}}],"collection":[{"href":"https:\/\/www.europesays.com\/fr\/wp-json\/wp\/v2\/posts"}],"about":[{"href":"https:\/\/www.europesays.com\/fr\/wp-json\/wp\/v2\/types\/post"}],"author":[{"embeddable":true,"href":"https:\/\/www.europesays.com\/fr\/wp-json\/wp\/v2\/users\/2"}],"replies":[{"embeddable":true,"href":"https:\/\/www.europesays.com\/fr\/wp-json\/wp\/v2\/comments?post=52514"}],"version-history":[{"count":0,"href":"https:\/\/www.europesays.com\/fr\/wp-json\/wp\/v2\/posts\/52514\/revisions"}],"wp:featuredmedia":[{"embeddable":true,"href":"https:\/\/www.europesays.com\/fr\/wp-json\/wp\/v2\/media\/52515"}],"wp:attachment":[{"href":"https:\/\/www.europesays.com\/fr\/wp-json\/wp\/v2\/media?parent=52514"}],"wp:term":[{"taxonomy":"category","embeddable":true,"href":"https:\/\/www.europesays.com\/fr\/wp-json\/wp\/v2\/categories?post=52514"},{"taxonomy":"post_tag","embeddable":true,"href":"https:\/\/www.europesays.com\/fr\/wp-json\/wp\/v2\/tags?post=52514"}],"curies":[{"name":"wp","href":"https:\/\/api.w.org\/{rel}","templated":true}]}}