{"id":525140,"date":"2025-11-10T15:17:17","date_gmt":"2025-11-10T15:17:17","guid":{"rendered":"https:\/\/www.europesays.com\/fr\/525140\/"},"modified":"2025-11-10T15:17:17","modified_gmt":"2025-11-10T15:17:17","slug":"bardot-le-documentaire-evenement-sur-bb","status":"publish","type":"post","link":"https:\/\/www.europesays.com\/fr\/525140\/","title":{"rendered":"\u00ab Bardot \u00bb, le documentaire \u00e9v\u00e8nement sur \u00abBB\u00bb"},"content":{"rendered":"<p>                        <a class=\"author\" href=\"https:\/\/www.parismatch.com\/auteurs\/yannick-vely\" rel=\"nofollow noopener\" target=\"_blank\">Yannick Vely<\/a><br \/>\n        10\/11\/2025 \u00e0 12:51, Mis \u00e0 jour le 10\/11\/2025 \u00e0 13:10<\/p>\n<p class=\"intro\">La bande-annonce du jour : \u00ab Bardot \u00bb, documentaire d&rsquo;Elora Thevenet et Alain Berliner, consacr\u00e9 \u00e0 la l\u00e9gende du cin\u00e9ma. Sortie le 3 d\u00e9cembre 2025.<\/p>\n<p>Le synopsis :\u00a0Jamais vraiment dans une case, muse de cin\u00e9astes finissant par sacrifier tout \u00e0 la cause animale, Brigitte Bardot est une femme libre mais sans doute incomprise. Bardot revient sur les aspects si contradictoires de sa vie ; de sa carri\u00e8re artistique l\u00e9gendaire \u00e0 sa c\u00e9l\u00e8bre fondation.<\/p>\n<p>    La suite apr\u00e8s cette publicit\u00e9<\/p>\n<p>Elle qui bouscula l\u2019image des femmes et fut en avance sur la conscience \u00e9cologique et le bien-\u00eatre animal qui semblent, enfin, pour tous une \u00e9vidence. Une r\u00e9flexion crois\u00e9e sur ce que signifie \u00eatre une femme artiste, une femme libre et parfois en avance sur son temps.<\/p>\n","protected":false},"excerpt":{"rendered":"Yannick Vely 10\/11\/2025 \u00e0 12:51, Mis \u00e0 jour le 10\/11\/2025 \u00e0 13:10 La bande-annonce du jour : \u00ab&hellip;\n","protected":false},"author":2,"featured_media":525141,"comment_status":"","ping_status":"","sticky":false,"template":"","format":"standard","meta":{"footnotes":""},"categories":[1354],"tags":[58,59,1346,1011,27,1360],"class_list":{"0":"post-525140","1":"post","2":"type-post","3":"status-publish","4":"format-standard","5":"has-post-thumbnail","7":"category-films","8":"tag-divertissement","9":"tag-entertainment","10":"tag-films","11":"tag-fr","12":"tag-france","13":"tag-movies"},"share_on_mastodon":{"url":"https:\/\/pubeurope.com\/@fr\/115526070798828453","error":""},"_links":{"self":[{"href":"https:\/\/www.europesays.com\/fr\/wp-json\/wp\/v2\/posts\/525140","targetHints":{"allow":["GET"]}}],"collection":[{"href":"https:\/\/www.europesays.com\/fr\/wp-json\/wp\/v2\/posts"}],"about":[{"href":"https:\/\/www.europesays.com\/fr\/wp-json\/wp\/v2\/types\/post"}],"author":[{"embeddable":true,"href":"https:\/\/www.europesays.com\/fr\/wp-json\/wp\/v2\/users\/2"}],"replies":[{"embeddable":true,"href":"https:\/\/www.europesays.com\/fr\/wp-json\/wp\/v2\/comments?post=525140"}],"version-history":[{"count":0,"href":"https:\/\/www.europesays.com\/fr\/wp-json\/wp\/v2\/posts\/525140\/revisions"}],"wp:featuredmedia":[{"embeddable":true,"href":"https:\/\/www.europesays.com\/fr\/wp-json\/wp\/v2\/media\/525141"}],"wp:attachment":[{"href":"https:\/\/www.europesays.com\/fr\/wp-json\/wp\/v2\/media?parent=525140"}],"wp:term":[{"taxonomy":"category","embeddable":true,"href":"https:\/\/www.europesays.com\/fr\/wp-json\/wp\/v2\/categories?post=525140"},{"taxonomy":"post_tag","embeddable":true,"href":"https:\/\/www.europesays.com\/fr\/wp-json\/wp\/v2\/tags?post=525140"}],"curies":[{"name":"wp","href":"https:\/\/api.w.org\/{rel}","templated":true}]}}