{"id":525145,"date":"2025-11-10T15:20:14","date_gmt":"2025-11-10T15:20:14","guid":{"rendered":"https:\/\/www.europesays.com\/fr\/525145\/"},"modified":"2025-11-10T15:20:14","modified_gmt":"2025-11-10T15:20:14","slug":"jai-un-probleme-avec-largent-son-tra","status":"publish","type":"post","link":"https:\/\/www.europesays.com\/fr\/525145\/","title":{"rendered":"\u00ab\u00a0J\u2019ai un probl\u00e8me avec l\u2019argent\u00a0\u00bb, son tra &#8230;"},"content":{"rendered":"<p>EN BREF<\/p>\n<ul class=\"bloc_resume_post_list\">\n<li>Helena Bailly, d\u00e9couverte dans la Star Academy il y a<br \/>\ndeux ans, a vu sa carri\u00e8re d\u00e9coller apr\u00e8s l\u00a0\u00bb\u00e9mission.<\/li>\n<li>Son album &lsquo;H\u00e9l\u00e9&rsquo; est certifi\u00e9 disque d&rsquo;or en Belgique et<br \/>\nplatine en France, avec un tube cumulant 50 millions<br \/>\nd&rsquo;\u00e9coutes.<\/li>\n<li>Malgr\u00e9 son succ\u00e8s, Helena se sent toujours comme une<br \/>\n\u00e9tudiante fauch\u00e9e et refuse le statut de star.<\/li>\n<\/ul>\n<p class=\"p1\">C&rsquo;\u00e9tait il y a deux ans \u00e0 peine. <a href=\"https:\/\/www.telestar.fr\/tele_realite\/helena-star-academy-pas-du-tout-envie-cette-chanson-bouleversante-quelle-sinterdit-de-chanter-sur-scene-1744339\" target=\"_blank\" rel=\"noopener\"><br \/>\nLes Fran\u00e7ais d\u00e9couvraient l&rsquo;incroyable talent d&rsquo;Helena Bailly dans<br \/>\nla Star Academy<\/a>. La jeune femme originaire de Belgique se<br \/>\ndestinait \u00e0 devenir orthophoniste avant de s&rsquo;installer au ch\u00e2teau<br \/>\nde Dammarie-les-Lys. Le succ\u00e8s a frapp\u00e9 \u00e0 sa porte au sortir de<br \/>\nl&rsquo;\u00e9mission.<\/p>\n<p class=\"p1\">Il y a d&rsquo;abord un <strong>eu premier single,<br \/>\nAim\u00e9e pour de vrai<\/strong>, sorti d\u00e9but mars 2024. Puis<br \/>\nla cons\u00e9cration. <strong>Son album<\/strong>, sobrement intitul\u00e9<br \/>\nH\u00e9l\u00e9, a \u00e9t<strong>\u00e9 certifi\u00e9 disque d&rsquo;or<\/strong> dans son<br \/>\npays d&rsquo;origine, disque de platine en France, tandis que son tube<br \/>\nMauvais gar\u00e7ons cumule\u00a050 millions d\u2019\u00e9coutes sur les<br \/>\ndiff\u00e9rentes plateformes de streaming. Une cons\u00e9cration qui a<br \/>\nconfirm\u00e9 sa v\u00e9ritable vocation.<\/p>\n<p>Helena (Star Academy) : quel probl\u00e8me a-t-elle avec<br \/>\nl&rsquo;argent ?<\/p>\n<p class=\"p1\">Des singles \u00e9cout\u00e9s des millions de fois, des albums<br \/>\n\u00e9coul\u00e9s par dizaines de milliers, des Z\u00e9nith complets&#8230; <a href=\"https:\/\/www.telestar.fr\/people\/star-academy-2024-pierre-garnier-et-helena-en-couple-le-doute-nest-quasi-plus-permis-1712266\" target=\"_blank\" rel=\"noopener\"><br \/>\nLa camarade de Pierre Garnier<\/a> jouit non seulement d&rsquo;un succ\u00e8s<br \/>\nstratosph\u00e9rique mais aussi d&rsquo;<strong>une certaine aisance<br \/>\nfinanci\u00e8re<\/strong>. Un changement de train vie soudain auquel<br \/>\n<strong>il reste encore difficile de s&rsquo;habituer<\/strong>, bien que<br \/>\nla chanteuse prenne soin de son entourage.<\/p>\n<p class=\"p1\">\u00ab\u00a0Elle s\u2019est mu\u00e9e en &lsquo;sugar mommy&rsquo;,<br \/>\ndit-elle, &lsquo;\u00e9videmment&rsquo;, en fait\u00a0\u00bb, peut-on lire dans<br \/>\nl&rsquo;\u00e9dition du journal Le Monde publi\u00e9e ce lundi 10 novembre<br \/>\n2025. <strong>\u00ab\u00a0J&rsquo;ai un probl\u00e8me avec l\u2019argent. J\u2019ai toujours<br \/>\nl\u2019impression d\u2019\u00eatre \u00e9tudiante qui gal\u00e8re\u00a0\u00bb<\/strong>, admet<br \/>\nl&rsquo;ex-Acad\u00e9micienne aupr\u00e8s de nos confr\u00e8res, r\u00e9v\u00e9lant n&rsquo;avoir fait<br \/>\naucune grosse d\u00e9pense depuis sa participation au t\u00e9l\u00e9-crochet de<br \/>\nTF1.<\/p>\n<p>Helena (Star Academy) : ce statut<br \/>\nqu&rsquo;elle refuse d&rsquo;avoir<\/p>\n<p class=\"p1\">Si elle ne d\u00e9pense pas sans compter, la laur\u00e9ate du<br \/>\n<a href=\"https:\/\/www.telestar.fr\/actu_tv\/nrj-music-awards-non-merci-helena-rembarre-ahmed-sylla-1743857\" target=\"_blank\" rel=\"noopener\"><br \/>\nNRJ Music Award de l&rsquo;artiste francophone de<br \/>\nl&rsquo;ann\u00e9e<\/a> a c\u00e9d\u00e9 \u00e0 une petite \u00ab\u00a0folie\u00a0\u00bb : un casque<br \/>\nde la marque Apple. Pour autant, il est absolument<br \/>\n<strong>inconcevable \u00e0 ses yeux de la consid\u00e9rer comme une<br \/>\nstar<\/strong>. Helena refuse cat\u00e9goriquement de r\u00e9pondre au<br \/>\nsobriquet de \u00ab\u00a0reine\u00a0\u00bb de Belgique, dont on l&rsquo;affuble<br \/>\nparfois.<\/p>\n<p class=\"p1\">\u00ab\u00a0J\u2019ai l\u2019impression qu\u2019<strong>on peut \u00eatre une<br \/>\nstar sans \u00eatre une artiste<\/strong>. Je pr\u00e9f\u00e8re qu\u2019on me voie comme<br \/>\nquelqu\u2019un qui fait de l\u2019art\u00a0\u00bb, affirme la jeune femme. Selon<br \/>\nelle, <strong>une star<\/strong> ne d\u00e9finit rien d&rsquo;autre qu&rsquo;une<br \/>\npersonne <strong>\u00ab\u00a0inaccessible\u00a0\u00bb<\/strong>. <strong>\u00ab\u00a0Ce n\u2019est pas<br \/>\ncomme \u00e7a [qu\u2019elle] se consid\u00e8re\u00a0\u00bb<\/strong>, conclut l&rsquo;article<br \/>\ndu Monde.<\/p>\n","protected":false},"excerpt":{"rendered":"EN BREF Helena Bailly, d\u00e9couverte dans la Star Academy il y a deux ans, a vu sa carri\u00e8re&hellip;\n","protected":false},"author":2,"featured_media":525146,"comment_status":"","ping_status":"","sticky":false,"template":"","format":"standard","meta":{"footnotes":""},"categories":[8],"tags":[548,58,59,1011,27,5094],"class_list":{"0":"post-525145","1":"post","2":"type-post","3":"status-publish","4":"format-standard","5":"has-post-thumbnail","7":"category-divertissement","8":"tag-article-simple","9":"tag-divertissement","10":"tag-entertainment","11":"tag-fr","12":"tag-france","13":"tag-helena"},"share_on_mastodon":{"url":"https:\/\/pubeurope.com\/@fr\/115526082511614314","error":""},"_links":{"self":[{"href":"https:\/\/www.europesays.com\/fr\/wp-json\/wp\/v2\/posts\/525145","targetHints":{"allow":["GET"]}}],"collection":[{"href":"https:\/\/www.europesays.com\/fr\/wp-json\/wp\/v2\/posts"}],"about":[{"href":"https:\/\/www.europesays.com\/fr\/wp-json\/wp\/v2\/types\/post"}],"author":[{"embeddable":true,"href":"https:\/\/www.europesays.com\/fr\/wp-json\/wp\/v2\/users\/2"}],"replies":[{"embeddable":true,"href":"https:\/\/www.europesays.com\/fr\/wp-json\/wp\/v2\/comments?post=525145"}],"version-history":[{"count":0,"href":"https:\/\/www.europesays.com\/fr\/wp-json\/wp\/v2\/posts\/525145\/revisions"}],"wp:featuredmedia":[{"embeddable":true,"href":"https:\/\/www.europesays.com\/fr\/wp-json\/wp\/v2\/media\/525146"}],"wp:attachment":[{"href":"https:\/\/www.europesays.com\/fr\/wp-json\/wp\/v2\/media?parent=525145"}],"wp:term":[{"taxonomy":"category","embeddable":true,"href":"https:\/\/www.europesays.com\/fr\/wp-json\/wp\/v2\/categories?post=525145"},{"taxonomy":"post_tag","embeddable":true,"href":"https:\/\/www.europesays.com\/fr\/wp-json\/wp\/v2\/tags?post=525145"}],"curies":[{"name":"wp","href":"https:\/\/api.w.org\/{rel}","templated":true}]}}