{"id":525157,"date":"2025-11-10T15:26:12","date_gmt":"2025-11-10T15:26:12","guid":{"rendered":"https:\/\/www.europesays.com\/fr\/525157\/"},"modified":"2025-11-10T15:26:12","modified_gmt":"2025-11-10T15:26:12","slug":"trophees-2025-de-la-creation-dentreprises-saint-etienne-a-donne-ses-gagnants-parmi-des-gagnants","status":"publish","type":"post","link":"https:\/\/www.europesays.com\/fr\/525157\/","title":{"rendered":"Troph\u00e9es 2025 de la cr\u00e9ation d\u2019entreprises : Saint-Etienne a donn\u00e9 ses gagnants parmi des gagnants"},"content":{"rendered":"<p class=\"is-style-chapo\">Une sixi\u00e8me et une premi\u00e8re\u00a0: c\u2019est la Maison de l\u2019emploi qui accueillait pour la premi\u00e8re fois les Troph\u00e9es 2025 de la cr\u00e9ation d\u2019entreprises de la Ville de Saint-Etienne. C\u00e9r\u00e9monie d\u2019encouragement local \u00e0 l\u2019entrepreneuriat. Morassuti, Brochef, Epicerie du Janon et Maison de la Fumisterie remportent la mise dans leurs cat\u00e9gories respectives. Leurs projets ont \u00e9t\u00e9 concr\u00e9tis\u00e9s en 2024 en faisant l\u2019objet de l\u2019accompagnement moral et financier de l\u2019Adie, France Active Loire et R\u00e9seau Initiative Loire. <\/p>\n<p><img fetchpriority=\"high\" decoding=\"async\" width=\"1024\" height=\"576\" src=\"https:\/\/www.europesays.com\/fr\/wp-content\/uploads\/2025\/11\/thumbnail_20251103_194604-3-1024x576.jpg\" alt=\"\" class=\"wp-image-80994\"  \/>Morassuti, Brochef, Epicerie du Janon et Maison de la fumisterie sont les gagnants de leurs cat\u00e9gories respectives. \u00a9If Saint-Etienne \/ XA<\/p>\n<p>\u00ab\u00a0Quelle que soit l\u2019issue ce soir, vous \u00eates 12 champions et donc tous gagnants. Continuez \u00e0 \u00eatre audacieux\u00a0!\u00a0\u00bb Mais encore\u00a0: \u00ab\u00a0Si vous \u00eates l\u00e0, c\u2019est que vous avez d\u00e9j\u00e0 fait preuve de leadership, dans chaque moment de doute, il faudra s\u2019en souvenir.\u00a0\u00bb Qui dit troph\u00e9es ou prix, dit gagnants et non gagnants, en l\u2019occurrence dans un rapport de 4 pour 8 ici. Mais les sorties respectives de Franck-Michel Vigier puis de Chantal David \u00e9taient l\u00e0 pour rappeler qu\u2019il n\u2019y avait ce soir-l\u00e0 pas vraiment de r\u00e9els perdants. Seulement des vainqueurs \u00e0 partir du moment o\u00f9 leurs projets entrepreneuriaux ont \u00e9t\u00e9 concr\u00e9tis\u00e9s comme ils l\u2019esp\u00e9raient. Et cela profite \u00e0 tous\u00a0: \u00e0 eux-m\u00eames d\u2019abord, aux emplois cr\u00e9\u00e9s \/ maintenus, donc \u00e0 l\u2019\u00e9tat \u00e9conomique de la ville et, enfin, au lien social aussi que ces initiatives ont nourri et nourrissent.<\/p>\n<p>Une dimension non n\u00e9gligeable au regard du profil des 12 entreprises s\u00e9lectionn\u00e9es sans m\u00eame parler de celles laur\u00e9ates. Le premier cit\u00e9 \u2013 Franck-Michel Vigier \u2013 \u00e9tait le \u00ab\u00a0parrain\u00a0\u00bb de l\u2019\u00e9dition 2025 des <a href=\"https:\/\/www.if-saint-etienne.fr\/tag\/trophees-des-creations-dentreprises\" target=\"_blank\" rel=\"noreferrer noopener\">Troph\u00e9es<\/a> de la cr\u00e9ation d\u2019entreprises de la Ville de Saint-Etienne. Il sait de quoi il parle\u00a0: en 2024, cet ex employ\u00e9 d\u2019une enseigne sp\u00e9cialis\u00e9e dans l\u2019alimentation bio a repris \u00ab\u00a0La Boge du Forez\u00a0\u00bb \u00ab\u00a0dans la continuit\u00e9 d\u2019une d\u00e9marche engag\u00e9e pour le circuit court et le lien direct entre producteurs et consommateurs\u00a0\u00bb. L\u2019activit\u00e9 s\u2019articule autour de la vente en ligne et de la livraison \u2013 jusqu\u2019aux campings depuis l\u2019\u00e9t\u00e9 2025 \u2013 dans un large bassin st\u00e9phanois de produits alimentaires et non alimentaires \u00ab\u00a0issus de producteurs locaux respectueux de l\u2019environnement\u00a0\u00bb. Chantal David est, elle, pr\u00e9sidente de <a href=\"https:\/\/franceactive-loire.org\/\" target=\"_blank\" rel=\"noreferrer noopener\">France Active Loire<\/a>.<\/p>\n<p>823 projets \u00e0 l\u2019\u00e9chelle de la Loire en 2024<\/p>\n<p>L\u2019un des trois r\u00e9seaux associatifs de financement et d\u2019accompagnement, pr\u00e9sents \u00e0 la Maison de l\u2019emploi, qui a accueilli pour la premi\u00e8re fois la c\u00e9r\u00e9monie de remise de ces Troph\u00e9es lundi 3 novembre. <a href=\"https:\/\/www.adie.org\/\" target=\"_blank\" rel=\"noreferrer noopener\">L\u2019Adie<\/a> (Association pour le Droit \u00e0 l\u2019Initiative \u00c9conomique) et <a href=\"https:\/\/www.initiative-loire.fr\/\" target=\"_blank\" rel=\"noreferrer noopener\">R\u00e9seau Initiative Loire<\/a> sont aussi de la partie. Les 12 porteurs de projets en question ont b\u00e9n\u00e9fici\u00e9 de leur accompagnement moral et financier. Ce sont ces r\u00e9seaux qui ont s\u00e9lectionn\u00e9 les trois projets en lice dans chacune quatre cat\u00e9gories\u00a0: \u00ab\u00a0RSE\u00a0\u00bb, \u00ab\u00a0Artisanat et savoir-faire\u00a0\u00bb, \u00ab\u00a0Jeunes cr\u00e9ateurs\u00a0\u00bb, \u00ab\u00a0Dynamisation commerciale\u00a0\u00bb (ex cat\u00e9gorie C\u0153ur de ville, pour sortir du seul hypercentre).<\/p>\n<p>A elles trois, ces associations ont soutenu 823 projets en 2024 et si leur accompagnement \u00e0 ces entrepreneurs, ceux retenus pour les parcours qu\u2019elles proposent, ne se limitent pas \u00e0 l\u2019aspect financier, via des \u00ab\u00a0outils avantageux\u00a0\u00bb (microcr\u00e9dit, pr\u00eat acc\u00e8s au capital, taux z\u00e9ro, pr\u00eats solidaires, pr\u00eats sur l\u2019honneur, sinon garanties) c\u2019est un total d\u2019environ 10 M\u20ac qui leur a \u00e9t\u00e9 ainsi accord\u00e9, d\u2019une mani\u00e8re ou d\u2019une autre. De quoi souvent, sous le couvert de leur cr\u00e9dibilit\u00e9 ainsi garantie, d\u00e9clencher d\u2019autres financements, plus classiques. Plus de 2 200 \u00e9quivalents temps plein ont ainsi \u00e9t\u00e9 cr\u00e9\u00e9s ou maintenus dans la Loire via leurs canaux d\u2019accompagnement.<\/p>\n<p>2 300 entreprises cr\u00e9\u00e9es \u00e0 Saint-Etienne<\/p>\n<p>A souligner enfin que ces trois associations travaillent en partenariat avec d\u2019autres pr\u00e9sentes \u00e0 la Maison de l\u2019emploi \u00ab\u00a0qui interviennent aussi en amont ou en aval du financement de projets de cr\u00e9ation d\u2019entreprise\u00a0\u00bb\u00a0: <a href=\"https:\/\/www.mifeloiresud.com\/\" target=\"_blank\" rel=\"noreferrer noopener\">Mife<\/a> Loire Sud et <a href=\"https:\/\/positiv.ngo\/ou-sommes-nous\/\" target=\"_blank\" rel=\"noreferrer noopener\">Positiv<\/a> qui \u0153uvre sp\u00e9cialement dans les quartiers prioritaires (c\u2019est aussi le cas de la Mife aussi via trois dispositifs). \u00ab\u00a0Sur 4 700 entreprises cr\u00e9\u00e9es sur notre territoire m\u00e9tropolitain, la moiti\u00e9 sont de Saint-Etienne. La r\u00e9ussite n\u2019est jamais le fruit du hasard mais le fruit du travail, d\u2019un collectif, de rencontres. Derri\u00e8re chaque entreprise, il y a une histoire humaine, un r\u00e9seau d\u2019accompagnateurs, des financeurs\u00a0\u00bb, clamait en amont de la c\u00e9r\u00e9monie le maire Ga\u00ebl Perdriau, soucieux d\u2019\u00e9voquer la \u00ab\u00a0politique\u00a0\u00bb de soutien de la Ville \u00e0 l\u2019emploi. <\/p>\n<p>Les comp\u00e9tences d\u2019une municipalit\u00e9 \u00e0 ce sujet restent toutefois tr\u00e8s limit\u00e9es. Elle passe ici par des subventions ou soutien logistique \u00e0 de l\u2019\u00e9v\u00e9nementiel \u2013 rencontres type job dating -, sinon \u00e0 des <a href=\"https:\/\/www.if-saint-etienne.fr\/societe\/afpa-son-village-des-solutions-se-decline-au-soleil\" target=\"_blank\" rel=\"noreferrer noopener\">dispositifs<\/a> publics, associatifs d\u2019entraide ou d\u2019animations. Et enfin, de \u00ab\u00a0l\u2019encouragement\u00a0\u00bb, comme avec ses troph\u00e9es. Chaque entreprise s\u00e9lectionn\u00e9e obtient l\u00e0 de la collectivit\u00e9 une r\u00e9compense de 250 \u20ac, la gagnante de sa cat\u00e9gorie recevant 1 000 \u20ac.<\/p>\n<p>Voici le palmar\u00e8s 2025<\/p>\n<p><img loading=\"lazy\" decoding=\"async\" width=\"1024\" height=\"682\" src=\"https:\/\/www.if-saint-etienne.fr\/wp-content\/uploads\/2025\/11\/Photo-n\u00b01-1024x682.jpg\" alt=\"\" class=\"wp-image-80993\"  \/>L\u2019ensemble des laur\u00e9ats, des partenaires accompagnateurs et repr\u00e9sentants de la municipalit\u00e9. Photo transmise par la Ville de Saint-Etienne<\/p>\n<p><strong>Responsabilit\u00e9 soci\u00e9tale des entreprises (RSE)\u00a0:<\/strong> la Scop <strong>Morassuti<\/strong>, imprimerie, accompagn\u00e9e par France Active Loire. Nomin\u00e9s\u00a0: Ugoki Impact (conseil RSE aux entreprises par Emmanuel Brajot) soutenu par l\u2019Adie\u00a0; La <a href=\"https:\/\/www.if-saint-etienne.fr\/culture-loisirs\/tendances-gastronomie\/cidrerie-du-pilat-la-pomme-bientot-dans-le-verre\" target=\"_blank\" rel=\"noreferrer noopener\">Cidrerie<\/a> du Pilat (par C\u00e9dric Barlet) soutenue par R\u00e9seau Initiative Loire et France Active.<\/p>\n<p><strong>Artisanat et savoir-faire\u00a0:<\/strong>\u00a0la <strong>Maison de la fumisterie<\/strong> de Maxime Munoz, ramonage\/installation chaudi\u00e8res, accompagn\u00e9e par R\u00e9seau Initiative Loire. Nomin\u00e9s\u00a0: Cordet Nathan\u00ebl (\u00e9lectricit\u00e9) soutenu par l\u2019Adie\u00a0; L\u2019In\u00e9vitable (salon de coiffure) de Marion Garnier soutenue par France Active et R\u00e9seau Initiative Loire.<\/p>\n<p><strong>Jeunes cr\u00e9ateurs\u00a0: La Brochef<\/strong> (restauration rapide) par Dafer Chalgin accompagn\u00e9 par l\u2019Adie. Nomin\u00e9s\u00a0: Le Voyageur (librairie bar \u00e0 jeux) par Florent Kuntz accompagn\u00e9 par R\u00e9seau Initiative Loire\u00a0; Floreale Incorporation (cr\u00e9ation de visuels) par Sarah David accompagn\u00e9 par l\u2019Adie.<\/p>\n<p><strong>Dynamisation commerciale\u00a0: Epicerie de Janon<\/strong> (produits portugais) d\u2019Albino Joao Da Silva Costa soutenu par France Active Loire. Nomin\u00e9s\u00a0: <a href=\"https:\/\/www.if-saint-etienne.fr\/culture-loisirs\/tendances-gastronomie\/el-inca-cest-le-perou-au-jardin-deden\" target=\"_blank\" rel=\"noreferrer noopener\">El Inca<\/a> (restaurant p\u00e9ruvien) par Diana Elizabeth Bouzid Yamamoto accompagn\u00e9e par R\u00e9seau Initiative Loire et France Active\u00a0; Swarovski (bijoux) par Magali Lafont Limousin par R\u00e9seau Initiative Loire et France Active.<\/p>\n","protected":false},"excerpt":{"rendered":"Une sixi\u00e8me et une premi\u00e8re\u00a0: c\u2019est la Maison de l\u2019emploi qui accueillait pour la premi\u00e8re fois les Troph\u00e9es&hellip;\n","protected":false},"author":2,"featured_media":525158,"comment_status":"","ping_status":"","sticky":false,"template":"","format":"standard","meta":{"footnotes":""},"categories":[9653],"tags":[1111,11,64491,2430,37404,58860,2855,64492,18540,1777,674,1011,27,64493,64494,12,25,4001,15880],"class_list":{"0":"post-525157","1":"post","2":"type-post","3":"status-publish","4":"format-standard","5":"has-post-thumbnail","7":"category-saint-etienne","8":"tag-actu","9":"tag-actualites","10":"tag-adie","11":"tag-auvergne-rhone-alpes","12":"tag-distinctif","13":"tag-entreprendre-loire","14":"tag-entrepreneuriat","15":"tag-entrepreneuriat-saint-etienne","16":"tag-entreprises-loire","17":"tag-eu","18":"tag-europe","19":"tag-fr","20":"tag-france","21":"tag-france-active-loire","22":"tag-initiative-loire","23":"tag-news","24":"tag-republique-francaise","25":"tag-saint-etienne","26":"tag-ville-de-saint-etienne"},"share_on_mastodon":{"url":"https:\/\/pubeurope.com\/@fr\/115526106779072782","error":""},"_links":{"self":[{"href":"https:\/\/www.europesays.com\/fr\/wp-json\/wp\/v2\/posts\/525157","targetHints":{"allow":["GET"]}}],"collection":[{"href":"https:\/\/www.europesays.com\/fr\/wp-json\/wp\/v2\/posts"}],"about":[{"href":"https:\/\/www.europesays.com\/fr\/wp-json\/wp\/v2\/types\/post"}],"author":[{"embeddable":true,"href":"https:\/\/www.europesays.com\/fr\/wp-json\/wp\/v2\/users\/2"}],"replies":[{"embeddable":true,"href":"https:\/\/www.europesays.com\/fr\/wp-json\/wp\/v2\/comments?post=525157"}],"version-history":[{"count":0,"href":"https:\/\/www.europesays.com\/fr\/wp-json\/wp\/v2\/posts\/525157\/revisions"}],"wp:featuredmedia":[{"embeddable":true,"href":"https:\/\/www.europesays.com\/fr\/wp-json\/wp\/v2\/media\/525158"}],"wp:attachment":[{"href":"https:\/\/www.europesays.com\/fr\/wp-json\/wp\/v2\/media?parent=525157"}],"wp:term":[{"taxonomy":"category","embeddable":true,"href":"https:\/\/www.europesays.com\/fr\/wp-json\/wp\/v2\/categories?post=525157"},{"taxonomy":"post_tag","embeddable":true,"href":"https:\/\/www.europesays.com\/fr\/wp-json\/wp\/v2\/tags?post=525157"}],"curies":[{"name":"wp","href":"https:\/\/api.w.org\/{rel}","templated":true}]}}