{"id":525165,"date":"2025-11-10T15:31:16","date_gmt":"2025-11-10T15:31:16","guid":{"rendered":"https:\/\/www.europesays.com\/fr\/525165\/"},"modified":"2025-11-10T15:31:16","modified_gmt":"2025-11-10T15:31:16","slug":"les-confessions-de-mathieu-smaili-pur-produit-du-rct","status":"publish","type":"post","link":"https:\/\/www.europesays.com\/fr\/525165\/","title":{"rendered":"les confessions de Mathieu Sma\u00efli, pur produit du RCT"},"content":{"rendered":"<p class=\"fs-5 \">Sa perc\u00e9e d\u00e8s la 3e minute de jeu apr\u00e8s un petit rasant pour lui-m\u00eame, suivi d\u2019une feinte de passe, a mis tout Mayol dans son match.<\/p>\n<p class=\"fs-5 \">Face \u00e0 La Rochelle, Mathieu Sma\u00efli, qui disputait sa quatri\u00e8me rencontre de la saison au centre avec Toulon, a rendu une copie propre.<\/p>\n<p>            <img src=\"https:\/\/www.europesays.com\/fr\/wp-content\/uploads\/2025\/11\/9b33dc0_upload-from-url-1-ejcomajzaddi-data-art-16561226.jpg\"   loading=\"lazy\" decoding=\"async\" alt=\"Face \u00e0 La Rochelle, Ga\u00ebl Dr\u00e9an a inscrit son cinqui\u00e8me essai en six matches disput\u00e9s cette saison. \" class=\"img-fluid position-absolute w-100 object-fit-cover rounded-2\" width=\"600\" height=\"400\"\/><\/p>\n<p class=\"fs-5 \">Pr\u00e9cis dans ses choix, le Hy\u00e9rois de naissance retrouve, apr\u00e8s des mois de gal\u00e8re, du temps de jeu.<\/p>\n<p class=\"fs-5 \">Samedi, \u00e0 l\u2019issue de la large victoire bonifi\u00e9e face au Stade rochelais (39-14), il a accept\u00e9 de s\u2019arr\u00eater en zone mixte pour se confier \u00e0 Var-matin.<\/p>\n<p class=\"fs-5 \">Le \u00ab Sma\u00efle \u00bb revient notamment sur sa p\u00e9riode plus compliqu\u00e9e, faite de frustration, ou sur son nouveau r\u00f4le au sein du vestiaire.<\/p>\n<p class=\"fs-5 \"><strong>Vous venez d\u2019encha\u00eener un troisi\u00e8me match cons\u00e9cutif, ce qui ne vous \u00e9tait plus arriv\u00e9 depuis f\u00e9vrier. Vous devez retrouver le sourire, non ?<\/strong><\/p>\n<p class=\"fs-5 \">Sur ce match, je veux avant tout remercier le travail des \u00ab gros \u00bb. C\u2019est gr\u00e2ce \u00e0 eux. Apr\u00e8s, personnellement, je pense que j\u2019ai fait un match correct. Je suis content de moi. Je n\u2019ai pas trop fait d\u2019erreurs et j\u2019ai r\u00e9ussi \u00e0 m\u2019amuser. C\u2019est positif. Je sens que je reprends confiance en mon jeu. Il n\u2019y a qu\u2019en \u00e9tant sur le terrain qu\u2019on se sent \u00e0 l\u2019aise et lib\u00e9r\u00e9 avec l\u2019\u00e9quipe. J\u2019esp\u00e8re que \u00e7a va continuer.<\/p>\n<p class=\"fs-5 \"><strong>Vous avez d\u00fb attendre six journ\u00e9es pour enfin jouer. Mentalement, comment g\u00e8re-t-on cette p\u00e9riode ?<\/strong><\/p>\n<p class=\"fs-5 \">Ce n\u2019est pas facile. J\u2019ai rong\u00e9 mon frein. Je sors d\u2019une derni\u00e8re saison compliqu\u00e9e. Je n\u2019ai pas beaucoup jou\u00e9, j\u2019ai \u00e9t\u00e9 bless\u00e9 plusieurs fois, \u00e7a n\u2019a pas \u00e9t\u00e9 de tout repos. Mais je me suis accroch\u00e9 pour travailler physiquement dans mon coin. J\u2019ai eu l\u2019aide de pas mal de mecs dans l\u2019\u00e9quipe. \u00c7a aussi, quand tu joues moins, c\u2019est important. Il y a une vraie solidarit\u00e9 dans notre groupe. Honn\u00eatement, m\u00eame si je suis forc\u00e9ment comp\u00e9titeur, ce soutien participe au fait de s\u2019accrocher et de ne rien l\u00e2cher. J\u2019ai attendu mon tour. J\u2019ai eu l\u2019opportunit\u00e9 de m\u2019exprimer et j\u2019ai tout fait pour saisir cette occasion.<\/p>\n<p class=\"fs-5 \"><strong>La p\u00e9riode a tout de m\u00eame d\u00fb \u00eatre longue, non ? Tout en sachant que, cette fois, vous \u00e9tiez lib\u00e9r\u00e9 de vos p\u00e9pins physiques\u2026<\/strong><\/p>\n<p class=\"fs-5 \">C\u2019est frustrant, \u00e7a, c\u2019est s\u00fbr ! Mais \u00e7a fait partie du sport de haut niveau et du rugby. Le manager fait ses choix et toi, peu importe les choix, tu dois les respecter. Ce n\u2019est pas toujours facile, mais tu dois le dig\u00e9rer. Surtout, il ne faut pas l\u00e2cher\u2026 et je ne l\u00e2cherai pas.<\/p>\n<p class=\"fs-5 \"><strong>Cet \u00e9t\u00e9, Pierre Mignoni a justement fait le choix de vous nommer dans le groupe des \u00ab leaders de vie \u00bb. Le voyez-vous comme une mani\u00e8re d\u2019un peu plus vous impliquer ? Vous faire \u00e9voluer ?<\/strong><\/p>\n<p class=\"fs-5 \">C\u2019est une mani\u00e8re de me montrer qu\u2019il comptait sur moi sur la vie de groupe. On a eu des gros d\u00e9parts \u00e0 l\u2019intersaison. Des mecs vraiment importants dans le vestiaire [notamment Emerick Setiano, Facundo Isa, Selevasio Tolofua ou Matt\u00e9o Le Corvec, Ndlr] nous ont quitt\u00e9s. Pierre savait qu\u2019il devait renouveler tout \u00e7a et c\u2019est ce qu\u2019il nous a dit, cet \u00e9t\u00e9, quand il a cr\u00e9\u00e9 ce groupe.<\/p>\n<p class=\"fs-5 \"><strong>En tant que Hy\u00e9rois form\u00e9 \u00e0 Toulon, ce r\u00f4le vous pla\u00eet-il ?<\/strong><\/p>\n<p class=\"fs-5 \">J\u2019adore \u00e7a. Passer du temps avec les mecs en dehors du terrain, c\u2019est vraiment int\u00e9ressant et surtout hyper important pour cr\u00e9er une vraie coh\u00e9sion de groupe. Alors oui, il y a le rugby \u00e0 proprement parler, mais il y a aussi les \u00e0-c\u00f4t\u00e9s. Par exemple, c\u2019est peut-\u00eatre b\u00eate, mais c\u2019est essentiel de savoir si un mec de l\u2019\u00e9quipe va bien ou alors ne va pas bien. Et \u00e7a, si tu ne te connais pas r\u00e9ellement, tu ne le confies pas. J\u2019aime aussi organiser des choses pour qu\u2019on essaye, au mieux, d\u2019\u00eatre tous heureux et qu\u2019on vive bien ensemble.<\/p>\n<p class=\"fs-5 \"><strong>Depuis le d\u00e9but de votre carri\u00e8re, vous avez \u00e9volu\u00e9 sur l\u2019ouverture envers les autres. Est-ce un moyen pour Pierre Mignoni d\u2019encore vous faire progresser sur ce point ?<\/strong><\/p>\n<p class=\"fs-5 \">Forc\u00e9ment, \u00e7a donne un peu plus de responsabilit\u00e9s et \u00e7a permet de s\u2019ouvrir \u00e0 l\u2019\u00e9quipe et, inconsciemment, de prendre confiance. Je suis assez heureux dans ce r\u00f4le-l\u00e0. J\u2019ai 26 ans, je sais que cette saison va \u00eatre importante pour moi. Il faut que je continue de bosser fort pour r\u00e9ussir \u00e0 d\u00e9crocher ce que je veux. Et ce dont j\u2019ai envie, c\u2019est encha\u00eener le plus de feuilles tout au long de la saison.<\/p>\n<p class=\"fs-5 \"><strong>Plus globalement, avant ces quelques jours de repos, comment jugez-vous le premier bloc de votre \u00e9quipe ?<\/strong><\/p>\n<p class=\"fs-5 \">L\u2019\u00e9quipe monte. On est bien, je pense qu\u2019on a un bel effectif. C\u2019est aussi ce qui fait qu\u2019apr\u00e8s neuf journ\u00e9es, on arrive \u00e0 \u00eatre \u00e0 \u00e9galit\u00e9 de points avec Toulouse, en t\u00eate. Ce premier bloc a \u00e9t\u00e9 solide de notre part mais ce n\u2019est pas un secret, dans une saison, tu ne peux jamais te rel\u00e2cher. Il y a la Coupe d\u2019Europe qui va vite arriver et il ne faut pas se br\u00fbler les ailes. On a un groupe tr\u00e8s large et performant, \u00e0 nous de le montrer.<\/p>\n","protected":false},"excerpt":{"rendered":"Sa perc\u00e9e d\u00e8s la 3e minute de jeu apr\u00e8s un petit rasant pour lui-m\u00eame, suivi d\u2019une feinte de&hellip;\n","protected":false},"author":2,"featured_media":525166,"comment_status":"","ping_status":"","sticky":false,"template":"","format":"standard","meta":{"footnotes":""},"categories":[9619],"tags":[1111,11,1777,674,1011,27,12,882,3461,25,2310],"class_list":{"0":"post-525165","1":"post","2":"type-post","3":"status-publish","4":"format-standard","5":"has-post-thumbnail","7":"category-toulon","8":"tag-actu","9":"tag-actualites","10":"tag-eu","11":"tag-europe","12":"tag-fr","13":"tag-france","14":"tag-news","15":"tag-provence-alpes-cote-dazur","16":"tag-rct","17":"tag-republique-francaise","18":"tag-toulon"},"share_on_mastodon":{"url":"https:\/\/pubeurope.com\/@fr\/115526126657018725","error":""},"_links":{"self":[{"href":"https:\/\/www.europesays.com\/fr\/wp-json\/wp\/v2\/posts\/525165","targetHints":{"allow":["GET"]}}],"collection":[{"href":"https:\/\/www.europesays.com\/fr\/wp-json\/wp\/v2\/posts"}],"about":[{"href":"https:\/\/www.europesays.com\/fr\/wp-json\/wp\/v2\/types\/post"}],"author":[{"embeddable":true,"href":"https:\/\/www.europesays.com\/fr\/wp-json\/wp\/v2\/users\/2"}],"replies":[{"embeddable":true,"href":"https:\/\/www.europesays.com\/fr\/wp-json\/wp\/v2\/comments?post=525165"}],"version-history":[{"count":0,"href":"https:\/\/www.europesays.com\/fr\/wp-json\/wp\/v2\/posts\/525165\/revisions"}],"wp:featuredmedia":[{"embeddable":true,"href":"https:\/\/www.europesays.com\/fr\/wp-json\/wp\/v2\/media\/525166"}],"wp:attachment":[{"href":"https:\/\/www.europesays.com\/fr\/wp-json\/wp\/v2\/media?parent=525165"}],"wp:term":[{"taxonomy":"category","embeddable":true,"href":"https:\/\/www.europesays.com\/fr\/wp-json\/wp\/v2\/categories?post=525165"},{"taxonomy":"post_tag","embeddable":true,"href":"https:\/\/www.europesays.com\/fr\/wp-json\/wp\/v2\/tags?post=525165"}],"curies":[{"name":"wp","href":"https:\/\/api.w.org\/{rel}","templated":true}]}}