{"id":525169,"date":"2025-11-10T15:33:13","date_gmt":"2025-11-10T15:33:13","guid":{"rendered":"https:\/\/www.europesays.com\/fr\/525169\/"},"modified":"2025-11-10T15:33:13","modified_gmt":"2025-11-10T15:33:13","slug":"deux-commerces-sanctionnes-a-montpellier-mais-pour-quelles-raisons-exactes","status":"publish","type":"post","link":"https:\/\/www.europesays.com\/fr\/525169\/","title":{"rendered":"Deux commerces sanctionn\u00e9s \u00e0 Montpellier, mais pour quelles raisons exactes\u00a0?"},"content":{"rendered":"<p>            Par<br \/>\n        <strong><br \/>\n            <a href=\"https:\/\/actu.fr\/auteur\/metropoop\" title=\"Consulter tous les articles de R\u00e9daction M\u00e9tropolitain\" target=\"_blank\" rel=\"noopener\">R\u00e9daction M\u00e9tropolitain<\/a><br \/>\n        <\/strong><\/p>\n<p>        Publi\u00e9 le<\/p>\n<p>            10 nov. 2025 \u00e0 16h23        <\/p>\n<p>Le pr\u00e9fet de l\u2019H\u00e9rault a prononc\u00e9 <strong>deux fermetures administratives<\/strong> visant des \u00e9piceries montpelli\u00e9raines. Ces d\u00e9cisions s\u2019inscrivent dans la lutte engag\u00e9e contre les commerces ne respectant pas la r\u00e9glementation.<\/p>\n<p>    <a href=\"https:\/\/www.google.com\/maps\/d\/u\/0\/embed?mid=14iLQWUEsxaM-SsR8Oco2Gwdkkm5EOCo&amp;ehbc=2E312F\" title=\"Ouvrie le lien\" target=\"_blank\" rel=\"noopener\">Cliquez ici pour visualiser le contenu<\/a><\/p>\n<p>Soixante jours de fermeture pour \u00ab\u00a0Meknes Alimentation\u00a0\u00bb<\/p>\n<p class=\" wall-content\">Situ\u00e9e au 48 rue de Leyde, au coeur du quartier de la Mosson, l\u2019\u00e9picerie \u00ab\u00a0Meknes Alimentation\u00a0\u00bb devra rester close pendant <strong>soixante jours<\/strong>. Les services de l\u2019\u00c9tat y ont constat\u00e9 la d\u00e9tention frauduleuse de tabac en vue de la revente. L\u2019infraction n\u2019\u00e9tait pas une premi\u00e8re. Le commerce avait d\u00e9j\u00e0 \u00e9t\u00e9 \u00e9pingl\u00e9 pour des faits similaires. Cette r\u00e9cidive a conduit le pr\u00e9fet \u00e0 prononcer une sanction lourde.<\/p>\n<p>Sept jours pour \u00ab\u00a0Chaptal Market\u00a0\u00bb<\/p>\n<p class=\" wall-content\">Au 10 rue Chaptal, l\u2019\u00e9picerie \u00ab\u00a0Chaptal Market\u00a0\u00bb a \u00e9cop\u00e9 d\u2019une fermeture de sept jours. En cause, le non-respect de l\u2019arr\u00eat\u00e9 municipal qui fixe les horaires de fermeture des commerces de proximit\u00e9.\u00a0<\/p>\n<p class=\" wall-content\">Ces fermetures s\u2019inscrivent dans la strat\u00e9gie de fermet\u00e9 mise en \u0153uvre par la pr\u00e9fecture de l\u2019H\u00e9rault \u00e0 l\u2019encontre des \u00e9tablissements ne respectant pas les r\u00e8gles de tranquillit\u00e9 publique. Depuis plusieurs mois, les services de l\u2019\u00c9tat, en collaboration avec les polices municipale et nationale, intensifient les contr\u00f4les afin de lutter contre les nuisances nocturnes ainsi que la vente ill\u00e9gale d\u2019alcool et de cigarettes dans les quartiers de Montpellier.<\/p>\n<p class=\" wall-content\">Personnalisez votre actualit\u00e9 en ajoutant vos villes et m\u00e9dias en favori avec <a href=\"https:\/\/moncompte.actu.fr\" title=\"D\u00e9couvez Mon Actu\" rel=\"nofollow noopener\" data-trk=\"{&quot;cta&quot;:{&quot;action&quot;:&quot;https:\\\/\\\/moncompte.actu.fr&quot;,&quot;category&quot;:&quot;mon compte&quot;,&quot;from&quot;:&quot;article footer&quot;,&quot;name&quot;:&quot;Mon actu&quot;,&quot;type&quot;:&quot;cta&quot;}}\" target=\"_blank\">Mon Actu<\/a>.<\/p>\n","protected":false},"excerpt":{"rendered":"Par R\u00e9daction M\u00e9tropolitain Publi\u00e9 le 10 nov. 2025 \u00e0 16h23 Le pr\u00e9fet de l\u2019H\u00e9rault a prononc\u00e9 deux fermetures&hellip;\n","protected":false},"author":2,"featured_media":525170,"comment_status":"","ping_status":"","sticky":false,"template":"","format":"standard","meta":{"footnotes":""},"categories":[9599],"tags":[1111,11,1777,674,118,1011,27,1006,2208,12,2680,25,6582],"class_list":{"0":"post-525169","1":"post","2":"type-post","3":"status-publish","4":"format-standard","5":"has-post-thumbnail","7":"category-montpellier","8":"tag-actu","9":"tag-actualites","10":"tag-eu","11":"tag-europe","12":"tag-faits-divers","13":"tag-fr","14":"tag-france","15":"tag-fraude","16":"tag-montpellier","17":"tag-news","18":"tag-occitanie","19":"tag-republique-francaise","20":"tag-tabac"},"share_on_mastodon":{"url":"https:\/\/pubeurope.com\/@fr\/115526133632967769","error":""},"_links":{"self":[{"href":"https:\/\/www.europesays.com\/fr\/wp-json\/wp\/v2\/posts\/525169","targetHints":{"allow":["GET"]}}],"collection":[{"href":"https:\/\/www.europesays.com\/fr\/wp-json\/wp\/v2\/posts"}],"about":[{"href":"https:\/\/www.europesays.com\/fr\/wp-json\/wp\/v2\/types\/post"}],"author":[{"embeddable":true,"href":"https:\/\/www.europesays.com\/fr\/wp-json\/wp\/v2\/users\/2"}],"replies":[{"embeddable":true,"href":"https:\/\/www.europesays.com\/fr\/wp-json\/wp\/v2\/comments?post=525169"}],"version-history":[{"count":0,"href":"https:\/\/www.europesays.com\/fr\/wp-json\/wp\/v2\/posts\/525169\/revisions"}],"wp:featuredmedia":[{"embeddable":true,"href":"https:\/\/www.europesays.com\/fr\/wp-json\/wp\/v2\/media\/525170"}],"wp:attachment":[{"href":"https:\/\/www.europesays.com\/fr\/wp-json\/wp\/v2\/media?parent=525169"}],"wp:term":[{"taxonomy":"category","embeddable":true,"href":"https:\/\/www.europesays.com\/fr\/wp-json\/wp\/v2\/categories?post=525169"},{"taxonomy":"post_tag","embeddable":true,"href":"https:\/\/www.europesays.com\/fr\/wp-json\/wp\/v2\/tags?post=525169"}],"curies":[{"name":"wp","href":"https:\/\/api.w.org\/{rel}","templated":true}]}}