{"id":525175,"date":"2025-11-10T15:36:14","date_gmt":"2025-11-10T15:36:14","guid":{"rendered":"https:\/\/www.europesays.com\/fr\/525175\/"},"modified":"2025-11-10T15:36:14","modified_gmt":"2025-11-10T15:36:14","slug":"pres-de-rouen-il-simmole-au-pied-dune-station-service-un-homme-dune-trentaine-dannees-grievement-brule","status":"publish","type":"post","link":"https:\/\/www.europesays.com\/fr\/525175\/","title":{"rendered":"Pr\u00e8s de Rouen. Il s&rsquo;immole au pied d&rsquo;une station-service, un homme d&rsquo;une trentaine d&rsquo;ann\u00e9es gri\u00e8vement br\u00fbl\u00e9"},"content":{"rendered":"<p melodystyle=\"texte\">Les pompiers de Seine-Maritime sont rapidement intervenus \u00e0 Buchy alors qu&rsquo;un homme d&rsquo;une trentaine d&rsquo;ann\u00e9es venait de s&rsquo;immoler au pied d&rsquo;une station-service, lundi 10\u00a0novembre. L&rsquo;incident a eu lieu vers 13h25 au niveau de la zone d&rsquo;activit\u00e9s des cateliers.<\/p>\n<p melodystyle=\"texte\">Le feu a \u00e9t\u00e9 \u00e9teint ainsi que le d\u00e9part de feu d\u00e9clench\u00e9 \u00e0 proximit\u00e9. La victime, gri\u00e8vement br\u00fbl\u00e9e, a \u00e9t\u00e9 secourue par un t\u00e9moin et le personnel d&rsquo;apr\u00e8s les pompiers de Seine-Maritime qui ont pris le relais une fois sur place. Les secours ont tout de m\u00eame d\u00e9ploy\u00e9 une lance \u00e0 incendie en protection et ont coup\u00e9 l&rsquo;\u00e9nergie de la station-service. Ensuite, les secours ont\u00a0regroup\u00e9 les autres victimes dont deux t\u00e9moins choqu\u00e9s par la sc\u00e8ne afin qu&rsquo;ils puissent \u00eatre examin\u00e9s par un infirmier sapeur-pompier.<\/p>\n<p melodystyle=\"texte\">Le trentenaire gri\u00e8vement bless\u00e9 est toujours en cours de m\u00e9dicalisation. L&rsquo;intervention se poursuit en appuie de la gendarmerie et de la s\u00e9curit\u00e9 civile.<\/p>\n","protected":false},"excerpt":{"rendered":"Les pompiers de Seine-Maritime sont rapidement intervenus \u00e0 Buchy alors qu&rsquo;un homme d&rsquo;une trentaine d&rsquo;ann\u00e9es venait de s&rsquo;immoler&hellip;\n","protected":false},"author":2,"featured_media":525176,"comment_status":"","ping_status":"","sticky":false,"template":"","format":"standard","meta":{"footnotes":""},"categories":[9587],"tags":[1111,11,1777,674,1011,27,12,5161,25,9590],"class_list":{"0":"post-525175","1":"post","2":"type-post","3":"status-publish","4":"format-standard","5":"has-post-thumbnail","7":"category-rouen","8":"tag-actu","9":"tag-actualites","10":"tag-eu","11":"tag-europe","12":"tag-fr","13":"tag-france","14":"tag-news","15":"tag-normandie","16":"tag-republique-francaise","17":"tag-rouen"},"share_on_mastodon":{"url":"https:\/\/pubeurope.com\/@fr\/115526145354342756","error":""},"_links":{"self":[{"href":"https:\/\/www.europesays.com\/fr\/wp-json\/wp\/v2\/posts\/525175","targetHints":{"allow":["GET"]}}],"collection":[{"href":"https:\/\/www.europesays.com\/fr\/wp-json\/wp\/v2\/posts"}],"about":[{"href":"https:\/\/www.europesays.com\/fr\/wp-json\/wp\/v2\/types\/post"}],"author":[{"embeddable":true,"href":"https:\/\/www.europesays.com\/fr\/wp-json\/wp\/v2\/users\/2"}],"replies":[{"embeddable":true,"href":"https:\/\/www.europesays.com\/fr\/wp-json\/wp\/v2\/comments?post=525175"}],"version-history":[{"count":0,"href":"https:\/\/www.europesays.com\/fr\/wp-json\/wp\/v2\/posts\/525175\/revisions"}],"wp:featuredmedia":[{"embeddable":true,"href":"https:\/\/www.europesays.com\/fr\/wp-json\/wp\/v2\/media\/525176"}],"wp:attachment":[{"href":"https:\/\/www.europesays.com\/fr\/wp-json\/wp\/v2\/media?parent=525175"}],"wp:term":[{"taxonomy":"category","embeddable":true,"href":"https:\/\/www.europesays.com\/fr\/wp-json\/wp\/v2\/categories?post=525175"},{"taxonomy":"post_tag","embeddable":true,"href":"https:\/\/www.europesays.com\/fr\/wp-json\/wp\/v2\/tags?post=525175"}],"curies":[{"name":"wp","href":"https:\/\/api.w.org\/{rel}","templated":true}]}}