{"id":525179,"date":"2025-11-10T15:40:16","date_gmt":"2025-11-10T15:40:16","guid":{"rendered":"https:\/\/www.europesays.com\/fr\/525179\/"},"modified":"2025-11-10T15:40:16","modified_gmt":"2025-11-10T15:40:16","slug":"plus-de-7-km-de-bouchons-en-cours-apres-un-accident-entre-une-voiture-et-un-camion","status":"publish","type":"post","link":"https:\/\/www.europesays.com\/fr\/525179\/","title":{"rendered":"plus de 7 km de bouchons en cours apr\u00e8s un accident entre une voiture et un camion"},"content":{"rendered":"<p>            Par<br \/>\n        <strong><br \/>\n            <a href=\"https:\/\/actu.fr\/auteur\/clemence-pays02-actu-fr\" title=\"Consulter tous les articles de Cl\u00e9mence Pays\" target=\"_blank\" rel=\"noopener\">Cl\u00e9mence Pays<\/a><br \/>\n        <\/strong><\/p>\n<p>        Publi\u00e9 le<\/p>\n<p>            10 nov. 2025 \u00e0 16h14        <\/p>\n<p>Peu apr\u00e8s 15h, un <strong>accident<\/strong> est survenu entre <strong>un poids lourd et une voiture,<\/strong> sur la rocade de Rennes, non loin de la <strong>porte des Loges,<\/strong> dans le sens ext\u00e9rieur, a communiqu\u00e9 Bison Fut\u00e9.\u00a0<\/p>\n<p class=\" wall-content\">Une \u00ab\u00a0r\u00e9duction du nombre de voies, applicable \u00e0 tous les v\u00e9hicules\u00a0\u00bb a \u00e9t\u00e9 mise en place par la Direction interd\u00e9partementale des routes ouest (Dir Ouest).\u00a0<\/p>\n<p>Pr\u00e8s de 8 km de bouchons<\/p>\n<p class=\" wall-content\">\u00c0 15h54, Bison Fut\u00e9 faisait \u00e9tat de<strong> 7,8 kilom\u00e8tres de bouchons<\/strong> sur la rocade (N136), dans le sens ext\u00e9rieur,<strong> entre la porte de Cleunay et la porte des Loges.\u00a0<\/strong><\/p>\n<p class=\" wall-content\">Les automobilistes sont invit\u00e9s \u00e0 faire preuve de prudence \u00e0 l\u2019approche du secteur.<\/p>\n<p class=\" wall-content\">Personnalisez votre actualit\u00e9 en ajoutant vos villes et m\u00e9dias en favori avec <a href=\"https:\/\/moncompte.actu.fr\" title=\"D\u00e9couvez Mon Actu\" rel=\"nofollow noopener\" data-trk=\"{&quot;cta&quot;:{&quot;action&quot;:&quot;https:\\\/\\\/moncompte.actu.fr&quot;,&quot;category&quot;:&quot;mon compte&quot;,&quot;from&quot;:&quot;article footer&quot;,&quot;name&quot;:&quot;Mon actu&quot;,&quot;type&quot;:&quot;cta&quot;}}\" target=\"_blank\">Mon Actu<\/a>.<\/p>\n","protected":false},"excerpt":{"rendered":"Par Cl\u00e9mence Pays Publi\u00e9 le 10 nov. 2025 \u00e0 16h14 Peu apr\u00e8s 15h, un accident est survenu entre&hellip;\n","protected":false},"author":2,"featured_media":263254,"comment_status":"","ping_status":"","sticky":false,"template":"","format":"standard","meta":{"footnotes":""},"categories":[2821],"tags":[1111,11,829,3542,1777,674,118,1011,27,803,12,584,25,4797],"class_list":{"0":"post-525179","1":"post","2":"type-post","3":"status-publish","4":"format-standard","5":"has-post-thumbnail","7":"category-rennes","8":"tag-actu","9":"tag-actualites","10":"tag-bretagne","11":"tag-circulation","12":"tag-eu","13":"tag-europe","14":"tag-faits-divers","15":"tag-fr","16":"tag-france","17":"tag-info-trafic","18":"tag-news","19":"tag-rennes","20":"tag-republique-francaise","21":"tag-rocade"},"share_on_mastodon":{"url":"https:\/\/pubeurope.com\/@fr\/115526161169647033","error":""},"_links":{"self":[{"href":"https:\/\/www.europesays.com\/fr\/wp-json\/wp\/v2\/posts\/525179","targetHints":{"allow":["GET"]}}],"collection":[{"href":"https:\/\/www.europesays.com\/fr\/wp-json\/wp\/v2\/posts"}],"about":[{"href":"https:\/\/www.europesays.com\/fr\/wp-json\/wp\/v2\/types\/post"}],"author":[{"embeddable":true,"href":"https:\/\/www.europesays.com\/fr\/wp-json\/wp\/v2\/users\/2"}],"replies":[{"embeddable":true,"href":"https:\/\/www.europesays.com\/fr\/wp-json\/wp\/v2\/comments?post=525179"}],"version-history":[{"count":0,"href":"https:\/\/www.europesays.com\/fr\/wp-json\/wp\/v2\/posts\/525179\/revisions"}],"wp:featuredmedia":[{"embeddable":true,"href":"https:\/\/www.europesays.com\/fr\/wp-json\/wp\/v2\/media\/263254"}],"wp:attachment":[{"href":"https:\/\/www.europesays.com\/fr\/wp-json\/wp\/v2\/media?parent=525179"}],"wp:term":[{"taxonomy":"category","embeddable":true,"href":"https:\/\/www.europesays.com\/fr\/wp-json\/wp\/v2\/categories?post=525179"},{"taxonomy":"post_tag","embeddable":true,"href":"https:\/\/www.europesays.com\/fr\/wp-json\/wp\/v2\/tags?post=525179"}],"curies":[{"name":"wp","href":"https:\/\/api.w.org\/{rel}","templated":true}]}}