{"id":52518,"date":"2025-04-25T19:37:09","date_gmt":"2025-04-25T19:37:09","guid":{"rendered":"https:\/\/www.europesays.com\/fr\/52518\/"},"modified":"2025-04-25T19:37:09","modified_gmt":"2025-04-25T19:37:09","slug":"national-j31-nancy-cartonne-orleans-et-assure-le-podium","status":"publish","type":"post","link":"https:\/\/www.europesays.com\/fr\/52518\/","title":{"rendered":"National (J31). Nancy cartonne Orl\u00e9ans et assure le podium"},"content":{"rendered":"<p><img loading=\"lazy\" decoding=\"async\" width=\"696\" height=\"464\" class=\"lazyload entry-thumb\" src=\"https:\/\/www.europesays.com\/fr\/wp-content\/uploads\/2025\/04\/QRM-Nancy-2-696x464.jpg\" alt=\"QRM - Nancy\" title=\"QRM - Nancy (2)\"\/>La joie des Nanc\u00e9iens au stade Robert-Diochon.  (Photo Philippe Le Brech)<\/p>\n<p style=\"font-size:20px\"><strong>Les huit rencontres de la J31 du National se d\u00e9roulaient ce vendredi 25 octobre. Gr\u00e2ce \u00e0 sa victoire nette \u00e0 Orl\u00e9ans, Nancy s\u2019est assur\u00e9 d\u2019\u00eatre a minima barragiste.<\/strong><\/p>\n<p>Une fois n\u2019est pas coutume, l\u2019ASNL n\u2019a pas attendu les derni\u00e8res minutes de sa rencontre pour faire la diff\u00e9rence. Avec d\u00e9j\u00e0 trois buts en premi\u00e8re p\u00e9riode, dont un doubl\u00e9 d\u2019Evan, les hommes de Correa se sont vites rassur\u00e9s. Et on a assur\u00e9 math\u00e9matiquement leur place sur le podium \u2013 m\u00eame si ce n\u2019\u00e9tait qu\u2019une question de temps.<\/p>\n<p>Derri\u00e8re, Le Mans a fait aussi une bonne op\u00e9ration en s\u2019imposant en fin de match \u00e0 Valenciennes, apr\u00e8s avoir \u00e9t\u00e9 r\u00e9duit \u00e0 10. Un succ\u00e8s qui permet aux co\u00e9quipiers de Rabillard de prendre deux points d\u2019avance sur Boulogne tenu en \u00e9chec \u00e0 Villefranche. Seul le DFCO; 6 longueurs derri\u00e8re l\u2019USBCO, peut d\u00e9sormais s\u2019immiscer sur le podium puisqu\u2019Orl\u00e9ans est \u00e0 10 points de la 3\u00e8me place.<\/p>\n<p>Dans le bas du classement, Ch\u00e2teauroux a encore pris l\u2019eau contre Aubagne avec un cinglant 6-2. N\u00eemes et Paris 13 se sont neutralis\u00e9s. La bonne op\u00e9ration est pour Versailles vainqueur de Bourg-P\u00e9ronnas et qui compte d\u00e9sormais 5 points de plus que le premier rel\u00e9gable.<\/p>\n<p>R\u00e9sultats et buteurs de la J31 du National<\/p>\n<p><strong>Aubagne FC \u2013 La Berrichonne de Ch\u00e2teauroux :<\/strong> <strong>6-2<\/strong> (3-1)<br \/>Buts : El Kaddouri (32e), Rouai (36e), Benhattab (42e, 56e, 84e, 89e) pour Aubagne ; Clairicia (45e+2, 51e) pour Ch\u00e2teauroux.<\/p>\n<p><strong>US Concarneau \u2013 Quevilly Rouen M\u00e9tropole :<\/strong> <strong>5-1<\/strong> (3-1)<br \/>Buts : Kielt (5e), Touzghar (11e), Mouazan (38e, 60e), Chibani (75e csc) pour Concarneau ; Bouekou (19e) pour QRM.<\/p>\n<p><strong>N\u00eemes Olympique \u2013 Paris 13 Atletico :<\/strong> <strong>0-0<\/strong> (0-0)<\/p>\n<p><strong>US Orl\u00e9ans Loiret Football \u2013 AS Nancy Lorraine : 1-5<\/strong> (0-3)<br \/>Buts : Iva (71e) pour Orl\u00e9ans ; Sidib\u00e9 (14e), Evans (25e, 34e), Bokangu (62e), Dabasse (81e) pour Nancy.<br \/><strong><br \/>FC Sochaux Montb\u00e9liard \u2013 Dijon Football Cote d\u2019Or :<\/strong> <strong>1-2<\/strong> (1-1)<br \/>Buts : Lecolier (45e+2) pour Sochaux ; Ikanga (41e), Vargas-Rios (51e) pour Dijon.<br \/>Exclusions : Dode (71e) \u00e0 Sochaux.<\/p>\n<p><strong>Valenciennes FC \u2013 Le Mans FC :<\/strong> <strong>0-1<\/strong> (0-0)<br \/>But : Rabillard (87e) pour Le Mans.<br \/>Exclusion : Yohou (83e) au Mans.<\/p>\n<p><strong>FC Versailles 78 \u2013 Football Bourg-en-Bresse P\u00e9ronnas 01 :<\/strong> <strong>3-0<\/strong> (1-0)<br \/>Buts : Baghdadi (12e, 55e), Mbemba (85e) pour Versailles.<\/p>\n<p><strong>FC Villefranche Beaujolais \u2013 US Boulogne C\u00f4te d\u2019Opale : 1-1<\/strong> (0-0)<br \/>Buts : Joly (65e) pour Villefranche ; Vercruysse (49e) pour Boulogne.<\/p>\n<p><a href=\"https:\/\/footamateur.ouest-france.fr\/author\/fred\/\" class=\"url\" title=\"Fr\u00e9d\u00e9ric Sougey\" target=\"_blank\" rel=\"noopener\"> <img decoding=\"async\" src=\"https:\/\/www.europesays.com\/fr\/wp-content\/uploads\/2025\/04\/gnlpcfya_400x400.jpg\" class=\"lazyload photo\" width=\"250\" alt=\"Fr\u00e9d\u00e9ric Sougey\"\/><\/a><\/p>\n<p>Journaliste chez Sports M\u00e9dia<\/p>\n<p>Elev\u00e9 au c\u0153ur des Alpes, Fred quitte (temporairement) son Grenoble ador\u00e9 pour pr\u00eater sa plume et son regard au monde amateur et plus particuli\u00e8rement au Championnat National dont il est un assidu observateur. Fan de tartiflette, de Karim Mokeddem et de Mulholland Drive. Les bonnes choses de la vie, en somme.<\/p>\n<p><a href=\"https:\/\/footamateur.ouest-france.fr\/author\/fred\/\" class=\"url\" title=\"Fr\u00e9d\u00e9ric Sougey\" target=\"_blank\" rel=\"noopener\"><img decoding=\"async\" src=\"https:\/\/www.europesays.com\/fr\/wp-content\/uploads\/2025\/04\/gnlpcfya_400x400.jpg\" class=\"lazyload photo\" width=\"250\" alt=\"Fr\u00e9d\u00e9ric Sougey\"\/><\/a>Les derniers articles par Fr\u00e9d\u00e9ric Sougey (<a href=\"https:\/\/footamateur.ouest-france.fr\/author\/fred\/\" target=\"_blank\" rel=\"noopener\">tout voir<\/a>)<\/p>\n","protected":false},"excerpt":{"rendered":"La joie des Nanc\u00e9iens au stade Robert-Diochon. (Photo Philippe Le Brech) Les huit rencontres de la J31 du&hellip;\n","protected":false},"author":2,"featured_media":52519,"comment_status":"","ping_status":"","sticky":false,"template":"","format":"standard","meta":{"footnotes":""},"categories":[9635],"tags":[1111,11,11348,1777,674,14186,1011,27,775,1702,11349,12,25],"class_list":{"0":"post-52518","1":"post","2":"type-post","3":"status-publish","4":"format-standard","5":"has-post-thumbnail","7":"category-nancy","8":"tag-actu","9":"tag-actualites","10":"tag-as-nancy-lorraine","11":"tag-eu","12":"tag-europe","13":"tag-fc-sochaux-montbeliard","14":"tag-fr","15":"tag-france","16":"tag-grand-est","17":"tag-nancy","18":"tag-national-fff","19":"tag-news","20":"tag-republique-francaise"},"share_on_mastodon":{"url":"https:\/\/pubeurope.com\/@fr\/114400293262668606","error":""},"_links":{"self":[{"href":"https:\/\/www.europesays.com\/fr\/wp-json\/wp\/v2\/posts\/52518","targetHints":{"allow":["GET"]}}],"collection":[{"href":"https:\/\/www.europesays.com\/fr\/wp-json\/wp\/v2\/posts"}],"about":[{"href":"https:\/\/www.europesays.com\/fr\/wp-json\/wp\/v2\/types\/post"}],"author":[{"embeddable":true,"href":"https:\/\/www.europesays.com\/fr\/wp-json\/wp\/v2\/users\/2"}],"replies":[{"embeddable":true,"href":"https:\/\/www.europesays.com\/fr\/wp-json\/wp\/v2\/comments?post=52518"}],"version-history":[{"count":0,"href":"https:\/\/www.europesays.com\/fr\/wp-json\/wp\/v2\/posts\/52518\/revisions"}],"wp:featuredmedia":[{"embeddable":true,"href":"https:\/\/www.europesays.com\/fr\/wp-json\/wp\/v2\/media\/52519"}],"wp:attachment":[{"href":"https:\/\/www.europesays.com\/fr\/wp-json\/wp\/v2\/media?parent=52518"}],"wp:term":[{"taxonomy":"category","embeddable":true,"href":"https:\/\/www.europesays.com\/fr\/wp-json\/wp\/v2\/categories?post=52518"},{"taxonomy":"post_tag","embeddable":true,"href":"https:\/\/www.europesays.com\/fr\/wp-json\/wp\/v2\/tags?post=52518"}],"curies":[{"name":"wp","href":"https:\/\/api.w.org\/{rel}","templated":true}]}}