{"id":525180,"date":"2025-11-10T15:41:14","date_gmt":"2025-11-10T15:41:14","guid":{"rendered":"https:\/\/www.europesays.com\/fr\/525180\/"},"modified":"2025-11-10T15:41:14","modified_gmt":"2025-11-10T15:41:14","slug":"bretzels-gateautatort-et-rencontre-avec-florence-kasumba-au-cinema-star","status":"publish","type":"post","link":"https:\/\/www.europesays.com\/fr\/525180\/","title":{"rendered":"bretzels, g\u00e2teau,\u201cTatort\u201d et rencontre avec Florence Kasumba au cin\u00e9ma Star"},"content":{"rendered":"<p class=\"insetTitle\">Florence Kasumba \u00e0 Strasbourg<\/p>\n<p>Son nom ne vous dit peut-\u00eatre pas grand-chose, mais son visage, c&rsquo;est une autre histoire \u00a0: actrice allemande d&rsquo;origine ougandaise, Florence Kasumba s&rsquo;est fait une jolie place dans le monde de la t\u00e9l\u00e9 allemande avec les s\u00e9ries Tatort et Deustchland 86&#8230; mais aussi du c\u00f4t\u00e9 d&rsquo;Hollywood, o\u00f9 elle incarne, dans les films Black Panther de la franchise Marvel, Aya, l&rsquo;une des \u00e9m\u00e9rites guerri\u00e8res du Wakanda !<\/p>\n","protected":false},"excerpt":{"rendered":"Florence Kasumba \u00e0 Strasbourg Son nom ne vous dit peut-\u00eatre pas grand-chose, mais son visage, c&rsquo;est une autre&hellip;\n","protected":false},"author":2,"featured_media":525181,"comment_status":"","ping_status":"","sticky":false,"template":"","format":"standard","meta":{"footnotes":""},"categories":[2820],"tags":[1111,11,650,1687,2880,1777,674,107,1011,27,775,12,25,640,2879],"class_list":{"0":"post-525180","1":"post","2":"type-post","3":"status-publish","4":"format-standard","5":"has-post-thumbnail","7":"category-strasbourg","8":"tag-actu","9":"tag-actualites","10":"tag-cinema","11":"tag-culture-loisirs","12":"tag-edition-strasbourg","13":"tag-eu","14":"tag-europe","15":"tag-fil-info","16":"tag-fr","17":"tag-france","18":"tag-grand-est","19":"tag-news","20":"tag-republique-francaise","21":"tag-strasbourg","22":"tag-strasbourg-ville"},"share_on_mastodon":{"url":"https:\/\/pubeurope.com\/@fr\/115526165092555112","error":""},"_links":{"self":[{"href":"https:\/\/www.europesays.com\/fr\/wp-json\/wp\/v2\/posts\/525180","targetHints":{"allow":["GET"]}}],"collection":[{"href":"https:\/\/www.europesays.com\/fr\/wp-json\/wp\/v2\/posts"}],"about":[{"href":"https:\/\/www.europesays.com\/fr\/wp-json\/wp\/v2\/types\/post"}],"author":[{"embeddable":true,"href":"https:\/\/www.europesays.com\/fr\/wp-json\/wp\/v2\/users\/2"}],"replies":[{"embeddable":true,"href":"https:\/\/www.europesays.com\/fr\/wp-json\/wp\/v2\/comments?post=525180"}],"version-history":[{"count":0,"href":"https:\/\/www.europesays.com\/fr\/wp-json\/wp\/v2\/posts\/525180\/revisions"}],"wp:featuredmedia":[{"embeddable":true,"href":"https:\/\/www.europesays.com\/fr\/wp-json\/wp\/v2\/media\/525181"}],"wp:attachment":[{"href":"https:\/\/www.europesays.com\/fr\/wp-json\/wp\/v2\/media?parent=525180"}],"wp:term":[{"taxonomy":"category","embeddable":true,"href":"https:\/\/www.europesays.com\/fr\/wp-json\/wp\/v2\/categories?post=525180"},{"taxonomy":"post_tag","embeddable":true,"href":"https:\/\/www.europesays.com\/fr\/wp-json\/wp\/v2\/tags?post=525180"}],"curies":[{"name":"wp","href":"https:\/\/api.w.org\/{rel}","templated":true}]}}