{"id":525182,"date":"2025-11-10T15:42:16","date_gmt":"2025-11-10T15:42:16","guid":{"rendered":"https:\/\/www.europesays.com\/fr\/525182\/"},"modified":"2025-11-10T15:42:16","modified_gmt":"2025-11-10T15:42:16","slug":"christian-gaillac-passe-le-flambeau-en-douceur","status":"publish","type":"post","link":"https:\/\/www.europesays.com\/fr\/525182\/","title":{"rendered":"Christian Gaillac passe le flambeau en douceur"},"content":{"rendered":"<p>Gilbert, Rima, Jad Micha, Nihel, Joey, Tayma, Younes\u2026 Des pr\u00e9noms venus tout droit du Liban, de Syrie, du Canada ou d\u2019Alg\u00e9rie. Leur point commun\u00a0? Tous ont particip\u00e9 \u00e0 un moment de leur vie \u00e0 un centre international francophone \u00e0 Strasbourg, orchestr\u00e9 par le Lions Club. Comment tout ce beau monde s\u2019est-il retrouv\u00e9 l\u00e0\u00a0? Gr\u00e2ce aux r\u00e9seaux de la francophonie \u00e0 travers les cinq continents, ces jeunes de 18 \u00e0 22 ans ont pu visiter la France quatre semaines durant. C\u2019\u00e9tait le cas encore cette ann\u00e9e en juillet.<\/p>\n<p>Engag\u00e9 dans l\u2019aventure depuis 31 ans, Christian Gaillac en est la cheville ouvri\u00e8re. Le Strasbourgeois les a tous vus d\u00e9filer dans la capitale alsacienne. \u00ab\u00a0J\u2019ai d\u00fb accueillir quelque 350 stagiaires, explique celui qui&#8230;<\/p>\n","protected":false},"excerpt":{"rendered":"Gilbert, Rima, Jad Micha, Nihel, Joey, Tayma, Younes\u2026 Des pr\u00e9noms venus tout droit du Liban, de Syrie, du&hellip;\n","protected":false},"author":2,"featured_media":525183,"comment_status":"","ping_status":"","sticky":false,"template":"","format":"standard","meta":{"footnotes":""},"categories":[2820],"tags":[1111,11,2649,2880,1777,674,107,1011,27,775,12,25,104,640,2879,1631],"class_list":{"0":"post-525182","1":"post","2":"type-post","3":"status-publish","4":"format-standard","5":"has-post-thumbnail","7":"category-strasbourg","8":"tag-actu","9":"tag-actualites","10":"tag-bas-rhin","11":"tag-edition-strasbourg","12":"tag-eu","13":"tag-europe","14":"tag-fil-info","15":"tag-fr","16":"tag-france","17":"tag-grand-est","18":"tag-news","19":"tag-republique-francaise","20":"tag-societe","21":"tag-strasbourg","22":"tag-strasbourg-ville","23":"tag-vie-associative"},"share_on_mastodon":{"url":"https:\/\/pubeurope.com\/@fr\/115526169058847535","error":""},"_links":{"self":[{"href":"https:\/\/www.europesays.com\/fr\/wp-json\/wp\/v2\/posts\/525182","targetHints":{"allow":["GET"]}}],"collection":[{"href":"https:\/\/www.europesays.com\/fr\/wp-json\/wp\/v2\/posts"}],"about":[{"href":"https:\/\/www.europesays.com\/fr\/wp-json\/wp\/v2\/types\/post"}],"author":[{"embeddable":true,"href":"https:\/\/www.europesays.com\/fr\/wp-json\/wp\/v2\/users\/2"}],"replies":[{"embeddable":true,"href":"https:\/\/www.europesays.com\/fr\/wp-json\/wp\/v2\/comments?post=525182"}],"version-history":[{"count":0,"href":"https:\/\/www.europesays.com\/fr\/wp-json\/wp\/v2\/posts\/525182\/revisions"}],"wp:featuredmedia":[{"embeddable":true,"href":"https:\/\/www.europesays.com\/fr\/wp-json\/wp\/v2\/media\/525183"}],"wp:attachment":[{"href":"https:\/\/www.europesays.com\/fr\/wp-json\/wp\/v2\/media?parent=525182"}],"wp:term":[{"taxonomy":"category","embeddable":true,"href":"https:\/\/www.europesays.com\/fr\/wp-json\/wp\/v2\/categories?post=525182"},{"taxonomy":"post_tag","embeddable":true,"href":"https:\/\/www.europesays.com\/fr\/wp-json\/wp\/v2\/tags?post=525182"}],"curies":[{"name":"wp","href":"https:\/\/api.w.org\/{rel}","templated":true}]}}