{"id":525186,"date":"2025-11-10T15:44:12","date_gmt":"2025-11-10T15:44:12","guid":{"rendered":"https:\/\/www.europesays.com\/fr\/525186\/"},"modified":"2025-11-10T15:44:12","modified_gmt":"2025-11-10T15:44:12","slug":"trois-policiers-condamnes-pour-injures-racistes-lors-dune-arrestation","status":"publish","type":"post","link":"https:\/\/www.europesays.com\/fr\/525186\/","title":{"rendered":"Trois policiers condamn\u00e9s pour injures racistes lors d\u2019une arrestation"},"content":{"rendered":"<p>Trois <a href=\"https:\/\/www.20minutes.fr\/dossier\/policier\" class=\"c-link c-link--is-underlined\" rel=\"nofollow noopener\" target=\"_blank\">policiers<\/a>, jug\u00e9s \u00e0 <a href=\"https:\/\/www.20minutes.fr\/nice\/\" class=\"c-link c-link--is-underlined\" rel=\"nofollow noopener\" target=\"_blank\">Nice <\/a>pour des injures <a href=\"https:\/\/www.20minutes.fr\/dossier\/racisme\" class=\"c-link c-link--is-underlined\" rel=\"nofollow noopener\" target=\"_blank\">racistes <\/a>et des <a href=\"https:\/\/www.20minutes.fr\/monde\/violences-policieres\/\" class=\"c-link c-link--is-underlined\" rel=\"nofollow noopener\" target=\"_blank\">violences<\/a> psychologiques \u00e0 l\u2019\u00e9gard de deux <a href=\"https:\/\/www.20minutes.fr\/dossier\/trafic_de_drogue\" class=\"c-link c-link--is-underlined\" rel=\"nofollow noopener\" target=\"_blank\">trafiquants de drogue<\/a> tunisiens, ont \u00e9t\u00e9 condamn\u00e9s lundi \u00e0 12 mois de prison avec sursis et six mois d\u2019interdiction d\u2019exercer leurs fonctions.<\/p>\n<p>Deux autres policiers, \u00e9galement poursuivis devant le tribunal correctionnel, ont \u00e9t\u00e9 relax\u00e9s. Le parquet avait requis fin octobre douze \u00e0 dix-huit mois de prison et une interdiction d\u00e9finitive d\u2019exercer pour les cinq.<\/p>\n<p>Le dictaphone de son t\u00e9l\u00e9phone discr\u00e8tement activ\u00e9<\/p>\n<p>Le 22 juillet, ces policiers avaient interpell\u00e9 deux jeunes hommes soup\u00e7onn\u00e9s de trafic de stup\u00e9fiants dans le quartier sensible des Moulins, dans l\u2019ouest de Nice, et les avaient embarqu\u00e9s dans une fourgonnette \u00e0 destination d\u2019un commissariat.<\/p>\n<p>Discr\u00e8tement, l\u2019un des jeunes avait activ\u00e9 le dictaphone de son t\u00e9l\u00e9phone, enregistrant pendant le trajet insultes, moqueries, violences et humiliations. Sur l\u2019enregistrement de plus de trente minutes, d\u00e9couvert par un enqu\u00eateur \u00e0 l\u2019arriv\u00e9e de l\u2019interpell\u00e9 au commissariat, transmis \u00e0 l\u2019IGPN, la police des polices, et diffus\u00e9 \u00e0 l\u2019audience, on pouvait entendre des cris, des pleurs, des bruits \u00e9voquant des coups et plusieurs insultes racistes.<\/p>\n<p>L\u2019un des trafiquants, \u00e2g\u00e9 de 18 ans et condamn\u00e9 depuis \u00e0 dix-huit mois de prison pour vol en r\u00e9union, a accus\u00e9 les policiers d\u2019avoir arrach\u00e9 des pages d\u2019un Coran retrouv\u00e9 dans son sac et d\u2019en avoir fait des boulettes pour les lui fourrer dans la bouche.<\/p>\n<p>Reconnaissance partielle<\/p>\n<p>Tout en reconnaissant partiellement les injures, les trois policiers qui se trouvaient \u00e0 l\u2019arri\u00e8re de la fourgonnette ont assur\u00e9 qu\u2019il s\u2019agissait d\u2019un carnet trouv\u00e9 dans une poubelle et qu\u2019ils \u00e9taient \u00ab\u00a0partis dans un d\u00e9lire\u00a0\u00bb pour faire \u00ab\u00a0une mauvaise blague\u00a0\u00bb au jeune homme.<\/p>\n<p>Ils ont \u00e9t\u00e9 reconnus coupables d\u2019injures non publiques et violences psychologiques en r\u00e9union, exerc\u00e9es par une personne d\u00e9positaire de l\u2019autorit\u00e9 publique. Le tribunal n\u2019a pas retenu de violences physiques, dans la mesure o\u00f9, selon le certificat m\u00e9dical, les ecchymoses relev\u00e9es sur le jeune Tunisien pouvaient r\u00e9sulter d\u2019une chute pendant son interpellation ou d\u2019automutilations pendant sa garde \u00e0 vue, qu\u2019il a reconnues.<\/p>\n<\/p>\n<p>Les deux policiers qui se trouvaient \u00e0 l\u2019avant de la fourgonnette et qui ne sont pas intervenus, assurant ne pas avoir eu conscience des agissements de leurs coll\u00e8gues, ont \u00e9t\u00e9 relax\u00e9s. \u00ab\u00a0La coaction ne peut pas r\u00e9sulter d\u2019une simple abstention\u00a0\u00bb, selon le tribunal.<\/p>\n<p>Les trois policiers condamn\u00e9s, \u00e2g\u00e9s de 30, 32 et 41 ans, devront payer chacun une amende de 500 euros et verser solidairement 1.000 euros de dommages au jeune homme, un euro symbolique \u00e0 la Ligue des droits de l&rsquo;homme et \u00e0 la Licra, et 800 euros de frais de justice aux trois parties civiles. Le second interpell\u00e9 ne s\u2019\u00e9tait en revanche pas constitu\u00e9 partie civile.<\/p>\n","protected":false},"excerpt":{"rendered":"Trois policiers, jug\u00e9s \u00e0 Nice pour des injures racistes et des violences psychologiques \u00e0 l\u2019\u00e9gard de deux trafiquants&hellip;\n","protected":false},"author":2,"featured_media":525187,"comment_status":"","ping_status":"","sticky":false,"template":"","format":"standard","meta":{"footnotes":""},"categories":[2819],"tags":[1111,47,11,2898,1052,1777,674,1011,27,35088,2335,303,813,12,2401,883,1072,10910,2694,882,10162,25,887,3693,7374,30552],"class_list":{"0":"post-525186","1":"post","2":"type-post","3":"status-publish","4":"format-standard","5":"has-post-thumbnail","7":"category-nice","8":"tag-actu","9":"tag-actualite","10":"tag-actualites","11":"tag-alpes-maritimes","12":"tag-drogue","13":"tag-eu","14":"tag-europe","15":"tag-fr","16":"tag-france","17":"tag-igpn","18":"tag-insulte","19":"tag-justice","20":"tag-narcotrafiquants","21":"tag-news","22":"tag-nice","23":"tag-paca","24":"tag-police","25":"tag-policier","26":"tag-proces","27":"tag-provence-alpes-cote-dazur","28":"tag-racisme","29":"tag-republique-francaise","30":"tag-trafic-de-drogue","31":"tag-tribunal","32":"tag-violences-policieres","33":"tag-xenophobie"},"share_on_mastodon":{"url":"https:\/\/pubeurope.com\/@fr\/115526177054400790","error":""},"_links":{"self":[{"href":"https:\/\/www.europesays.com\/fr\/wp-json\/wp\/v2\/posts\/525186","targetHints":{"allow":["GET"]}}],"collection":[{"href":"https:\/\/www.europesays.com\/fr\/wp-json\/wp\/v2\/posts"}],"about":[{"href":"https:\/\/www.europesays.com\/fr\/wp-json\/wp\/v2\/types\/post"}],"author":[{"embeddable":true,"href":"https:\/\/www.europesays.com\/fr\/wp-json\/wp\/v2\/users\/2"}],"replies":[{"embeddable":true,"href":"https:\/\/www.europesays.com\/fr\/wp-json\/wp\/v2\/comments?post=525186"}],"version-history":[{"count":0,"href":"https:\/\/www.europesays.com\/fr\/wp-json\/wp\/v2\/posts\/525186\/revisions"}],"wp:featuredmedia":[{"embeddable":true,"href":"https:\/\/www.europesays.com\/fr\/wp-json\/wp\/v2\/media\/525187"}],"wp:attachment":[{"href":"https:\/\/www.europesays.com\/fr\/wp-json\/wp\/v2\/media?parent=525186"}],"wp:term":[{"taxonomy":"category","embeddable":true,"href":"https:\/\/www.europesays.com\/fr\/wp-json\/wp\/v2\/categories?post=525186"},{"taxonomy":"post_tag","embeddable":true,"href":"https:\/\/www.europesays.com\/fr\/wp-json\/wp\/v2\/tags?post=525186"}],"curies":[{"name":"wp","href":"https:\/\/api.w.org\/{rel}","templated":true}]}}