{"id":525188,"date":"2025-11-10T15:45:27","date_gmt":"2025-11-10T15:45:27","guid":{"rendered":"https:\/\/www.europesays.com\/fr\/525188\/"},"modified":"2025-11-10T15:45:27","modified_gmt":"2025-11-10T15:45:27","slug":"maire-de-basse-goulaine-alain-vey-a-pris-sa-decision","status":"publish","type":"post","link":"https:\/\/www.europesays.com\/fr\/525188\/","title":{"rendered":"maire de Basse-Goulaine, Alain Vey a pris sa d\u00e9cision"},"content":{"rendered":"<p>            Par<br \/>\n        <strong><br \/>\n            <a href=\"https:\/\/actu.fr\/auteur\/journaliste-sm\" title=\"Consulter tous les articles de R\u00e9daction Clisson\" target=\"_blank\" rel=\"noopener\">R\u00e9daction Clisson<\/a><br \/>\n        <\/strong><\/p>\n<p>        Publi\u00e9 le<\/p>\n<p>            10 nov. 2025 \u00e0 14h16        <\/p>\n<p>Alors qu\u2019il ne souhaitait plus r\u00e9pondre \u00e0 la question depuis plusieurs mois, apr\u00e8s <b>avoir \u00e9t\u00e9 dubitatif au printemps dernier<\/b>, le maire de <a href=\"https:\/\/actu.fr\/pays-de-la-loire\/basse-goulaine_44009\" target=\"_blank\" rel=\"noopener\"><b>Basse-Goulaine<\/b><\/a>, Alain Vey a <b>lev\u00e9 le voile sur son avenir \u00e9lectoral <\/b>lors du<b> <a href=\"https:\/\/www.basse-goulaine.fr\/le-compte-rendu-des-conseils-municipaux\/\" target=\"_blank\" rel=\"noopener\">conseil municipal du vendredi 7\u00a0novembre<\/a><\/b><a href=\"https:\/\/www.basse-goulaine.fr\/le-compte-rendu-des-conseils-municipaux\/\" target=\"_blank\" rel=\"noopener\">.<\/a> En fin de s\u00e9ance, il a annonc\u00e9 qu<b>\u2019il briguera un nouveau mandat de maire<\/b>\u2009:<\/p>\n<blockquote class=\"ac-article-quote wall-content\">\n<p>\u00c0 bient\u00f4t 75\u00a0ans, j\u2019assume compl\u00e8tement et sereinement mon \u00e2ge.<\/p>\n<p>Le maire divers droite<\/p><\/blockquote>\n<p class=\" wall-content\">Son <b>anciennet\u00e9 avait \u00e9t\u00e9 point\u00e9e du doigt.<\/b> Il a \u00e9galement annonc\u00e9 <b>repartir avec un tiers de son \u00e9quipe<\/b> (environ 8 \u00e9lus sur les 26 que compte l\u2019assembl\u00e9e).<\/p>\n<p>Elu depuis 1992<\/p>\n<p class=\" wall-content\">Pour rappel,<b> il a \u00e9t\u00e9 d\u00e9sign\u00e9 comme conseiller municipal,<\/b> en <b>1992<\/b>, \u00e0 mi-mandat. Lors des <b>\u00e9lections de 1995<\/b>, il \u00e9tait devenu adjoint. Et m\u00eame<b> premier adjoint<\/b> du maire Serge Poignant, <b>de 2001 jusqu\u2019en 2007<\/b>. Il lui succ\u00e8de cette ann\u00e9e-l\u00e0 alors que le mandat n\u2019est pas termin\u00e9. Ce dernier avait d\u00e9missionn\u00e9 pour assurer sa succession.<\/p>\n<p class=\" wall-content\">Depuis <a href=\"https:\/\/www.archives-resultats-elections.interieur.gouv.fr\/resultats\/municipales_2008\/044\/044009.php\" target=\"_blank\" rel=\"noopener\"><b>2008<\/b><\/a>, il a \u00e9t\u00e9 r\u00e9\u00e9lu \u00e0 chaque \u00e9lection bien qu\u2019une, voire deux listes \u00e9taient en face de lui. Depuis, il est aussi devenu,<b> chef de file de la minorit\u00e9 au sein de Nantes m\u00e9tropole<\/b>. En<b> mars\u00a02026<\/b>, ce natif de<b> Saint-\u00c9tienne<\/b> (Loire) venu dans l\u2019agglom\u00e9ration nantaise en 1972, pour diriger une <a href=\"https:\/\/actu.fr\/pays-de-la-loire\/basse-goulaine_44009\/pres-de-nantes-pourquoi-ce-maire-a-ete-decore-de-lordre-national-du-merite_62650899.html\" target=\"_blank\" rel=\"noopener\">entreprise d\u2019installations thermiques et climatiques<\/a>, aura<b> Claudine Jouan, seule \u00e9lue minoritaire repartante<\/b>. <a href=\"https:\/\/actu.fr\/pays-de-la-loire\/basse-goulaine_44009\/une-femme-menera-une-liste-divers-gauche-dans-cette-ville-pres-de-nantes_63108708.html\" target=\"_blank\" rel=\"noopener\">Elle conduit une liste divers gauche.<\/a><\/p>\n<p class=\" wall-content\">Personnalisez votre actualit\u00e9 en ajoutant vos villes et m\u00e9dias en favori avec <a href=\"https:\/\/moncompte.actu.fr\" title=\"D\u00e9couvez Mon Actu\" rel=\"nofollow noopener\" data-trk=\"{&quot;cta&quot;:{&quot;action&quot;:&quot;https:\\\/\\\/moncompte.actu.fr&quot;,&quot;category&quot;:&quot;mon compte&quot;,&quot;from&quot;:&quot;article footer&quot;,&quot;name&quot;:&quot;Mon actu&quot;,&quot;type&quot;:&quot;cta&quot;}}\" target=\"_blank\">Mon Actu<\/a>.<\/p>\n","protected":false},"excerpt":{"rendered":"Par R\u00e9daction Clisson Publi\u00e9 le 10 nov. 2025 \u00e0 14h16 Alors qu\u2019il ne souhaitait plus r\u00e9pondre \u00e0 la&hellip;\n","protected":false},"author":2,"featured_media":525189,"comment_status":"","ping_status":"","sticky":false,"template":"","format":"standard","meta":{"footnotes":""},"categories":[2818],"tags":[1111,11,1777,674,1011,27,3434,766,12,2636,25,104,2900],"class_list":{"0":"post-525188","1":"post","2":"type-post","3":"status-publish","4":"format-standard","5":"has-post-thumbnail","7":"category-nantes","8":"tag-actu","9":"tag-actualites","10":"tag-eu","11":"tag-europe","12":"tag-fr","13":"tag-france","14":"tag-municipales-2026","15":"tag-nantes","16":"tag-news","17":"tag-pays-de-la-loire","18":"tag-republique-francaise","19":"tag-societe","20":"tag-vignoble-nantais"},"share_on_mastodon":{"url":"https:\/\/pubeurope.com\/@fr\/115526181002421235","error":""},"_links":{"self":[{"href":"https:\/\/www.europesays.com\/fr\/wp-json\/wp\/v2\/posts\/525188","targetHints":{"allow":["GET"]}}],"collection":[{"href":"https:\/\/www.europesays.com\/fr\/wp-json\/wp\/v2\/posts"}],"about":[{"href":"https:\/\/www.europesays.com\/fr\/wp-json\/wp\/v2\/types\/post"}],"author":[{"embeddable":true,"href":"https:\/\/www.europesays.com\/fr\/wp-json\/wp\/v2\/users\/2"}],"replies":[{"embeddable":true,"href":"https:\/\/www.europesays.com\/fr\/wp-json\/wp\/v2\/comments?post=525188"}],"version-history":[{"count":0,"href":"https:\/\/www.europesays.com\/fr\/wp-json\/wp\/v2\/posts\/525188\/revisions"}],"wp:featuredmedia":[{"embeddable":true,"href":"https:\/\/www.europesays.com\/fr\/wp-json\/wp\/v2\/media\/525189"}],"wp:attachment":[{"href":"https:\/\/www.europesays.com\/fr\/wp-json\/wp\/v2\/media?parent=525188"}],"wp:term":[{"taxonomy":"category","embeddable":true,"href":"https:\/\/www.europesays.com\/fr\/wp-json\/wp\/v2\/categories?post=525188"},{"taxonomy":"post_tag","embeddable":true,"href":"https:\/\/www.europesays.com\/fr\/wp-json\/wp\/v2\/tags?post=525188"}],"curies":[{"name":"wp","href":"https:\/\/api.w.org\/{rel}","templated":true}]}}