{"id":525192,"date":"2025-11-10T15:48:23","date_gmt":"2025-11-10T15:48:23","guid":{"rendered":"https:\/\/www.europesays.com\/fr\/525192\/"},"modified":"2025-11-10T15:48:23","modified_gmt":"2025-11-10T15:48:23","slug":"le-pont-daquitaine-ferme-pour-travaux-2","status":"publish","type":"post","link":"https:\/\/www.europesays.com\/fr\/525192\/","title":{"rendered":"le pont d\u2019Aquitaine ferm\u00e9 pour travaux"},"content":{"rendered":"<p>            Par<br \/>\n        <strong><br \/>\n            <a href=\"https:\/\/actu.fr\/auteur\/redaction-bordeaux\" title=\"Consulter tous les articles de R\u00e9daction Bordeaux\" target=\"_blank\" rel=\"noopener\">R\u00e9daction Bordeaux<\/a><br \/>\n        <\/strong><\/p>\n<p>        Publi\u00e9 le<\/p>\n<p>            10 nov. 2025 \u00e0 16h09        <\/p>\n<p>Nouvelle fermeture sur le <a href=\"https:\/\/actu.fr\/tag\/pont-d-aquitaine\" target=\"_blank\" rel=\"noopener\">pont d\u2019Aquitaine<\/a>. Le dimanche 16 novembre 2025, l\u2019\u00e9difice sera <strong>ferm\u00e9<\/strong> dans les deux sens de circulation de 7 heures \u00e0 18h. Des <a href=\"https:\/\/actu.fr\/nouvelle-aquitaine\/bordeaux_33063\/travaux-la-circulation-perturbee-a-bordeaux-plusieurs-mois-pour-preparer-la-reouverture-du-madd_63353178.html\" target=\"_blank\" rel=\"noopener\">travaux <\/a>seront r\u00e9alis\u00e9s.\u00a0<\/p>\n<p class=\" wall-content\">Ces op\u00e9rations n\u00e9cessitent donc la fermeture entre l\u2019\u00e9changeur 4 (Bordeaux-Labarde) et l\u2019\u00e9changeur 2 (Lormont-Croix Rouge). Seules les pistes cyclables en sens ext\u00e9rieur resteront ouvertes durant les travaux.\u00a0<\/p>\n<p class=\" wall-content\">Des\u00a0<strong>d\u00e9viations\u00a0<\/strong>seront mises en place sur la rocade int\u00e9rieure et ext\u00e9rieure, via le pont Fran\u00e7ois Mitterand mais aussi par le r\u00e9seau local. Pour rappel, le pont d\u2019Aquitaine est l\u2019un des ouvrages les plus emprunt\u00e9s en Gironde avec environ\u00a0<strong>110 000 usagers\u00a0au quotidien<\/strong>.<\/p>\n<p class=\" wall-content\">Personnalisez votre actualit\u00e9 en ajoutant vos villes et m\u00e9dias en favori avec <a href=\"https:\/\/moncompte.actu.fr\" title=\"D\u00e9couvez Mon Actu\" rel=\"nofollow noopener\" data-trk=\"{&quot;cta&quot;:{&quot;action&quot;:&quot;https:\\\/\\\/moncompte.actu.fr&quot;,&quot;category&quot;:&quot;mon compte&quot;,&quot;from&quot;:&quot;article footer&quot;,&quot;name&quot;:&quot;Mon actu&quot;,&quot;type&quot;:&quot;cta&quot;}}\" target=\"_blank\">Mon Actu<\/a>.<\/p>\n","protected":false},"excerpt":{"rendered":"Par R\u00e9daction Bordeaux Publi\u00e9 le 10 nov. 2025 \u00e0 16h09 Nouvelle fermeture sur le pont d\u2019Aquitaine. Le dimanche&hellip;\n","protected":false},"author":2,"featured_media":446113,"comment_status":"","ping_status":"","sticky":false,"template":"","format":"standard","meta":{"footnotes":""},"categories":[2817],"tags":[1111,11,1997,3542,1777,674,1011,27,12,2219,13228,25,104,2086],"class_list":{"0":"post-525192","1":"post","2":"type-post","3":"status-publish","4":"format-standard","5":"has-post-thumbnail","7":"category-bordeaux","8":"tag-actu","9":"tag-actualites","10":"tag-bordeaux","11":"tag-circulation","12":"tag-eu","13":"tag-europe","14":"tag-fr","15":"tag-france","16":"tag-news","17":"tag-nouvelle-aquitaine","18":"tag-pont-daquitaine","19":"tag-republique-francaise","20":"tag-societe","21":"tag-travaux"},"share_on_mastodon":{"url":"https:\/\/pubeurope.com\/@fr\/115526192850398974","error":""},"_links":{"self":[{"href":"https:\/\/www.europesays.com\/fr\/wp-json\/wp\/v2\/posts\/525192","targetHints":{"allow":["GET"]}}],"collection":[{"href":"https:\/\/www.europesays.com\/fr\/wp-json\/wp\/v2\/posts"}],"about":[{"href":"https:\/\/www.europesays.com\/fr\/wp-json\/wp\/v2\/types\/post"}],"author":[{"embeddable":true,"href":"https:\/\/www.europesays.com\/fr\/wp-json\/wp\/v2\/users\/2"}],"replies":[{"embeddable":true,"href":"https:\/\/www.europesays.com\/fr\/wp-json\/wp\/v2\/comments?post=525192"}],"version-history":[{"count":0,"href":"https:\/\/www.europesays.com\/fr\/wp-json\/wp\/v2\/posts\/525192\/revisions"}],"wp:featuredmedia":[{"embeddable":true,"href":"https:\/\/www.europesays.com\/fr\/wp-json\/wp\/v2\/media\/446113"}],"wp:attachment":[{"href":"https:\/\/www.europesays.com\/fr\/wp-json\/wp\/v2\/media?parent=525192"}],"wp:term":[{"taxonomy":"category","embeddable":true,"href":"https:\/\/www.europesays.com\/fr\/wp-json\/wp\/v2\/categories?post=525192"},{"taxonomy":"post_tag","embeddable":true,"href":"https:\/\/www.europesays.com\/fr\/wp-json\/wp\/v2\/tags?post=525192"}],"curies":[{"name":"wp","href":"https:\/\/api.w.org\/{rel}","templated":true}]}}