{"id":525202,"date":"2025-11-10T16:00:24","date_gmt":"2025-11-10T16:00:24","guid":{"rendered":"https:\/\/www.europesays.com\/fr\/525202\/"},"modified":"2025-11-10T16:00:24","modified_gmt":"2025-11-10T16:00:24","slug":"une-immense-foule-attendue-dans-ce-quartier-les-bus-devies","status":"publish","type":"post","link":"https:\/\/www.europesays.com\/fr\/525202\/","title":{"rendered":"une immense foule attendue dans ce quartier, les bus d\u00e9vi\u00e9s"},"content":{"rendered":"<p>            Par<br \/>\n        <strong><br \/>\n            <a href=\"https:\/\/actu.fr\/auteur\/thibault-nadal-actu-fr\" title=\"Consulter tous les articles de Thibault Nadal\" target=\"_blank\" rel=\"noopener\">Thibault Nadal<\/a><br \/>\n        <\/strong><\/p>\n<p>        Publi\u00e9 le<\/p>\n<p>            10 nov. 2025 \u00e0 16h46        <\/p>\n<p>Ce mardi 11\u00a0novembre 2025 est une journ\u00e9e de comm\u00e9moration en France. On y c\u00e9l\u00e8bre l\u2019armistice de 1918. \u00c0 <a href=\"https:\/\/actu.fr\/marseille\/\" target=\"_blank\" rel=\"noopener\">Marseille<\/a> et dans les <a href=\"https:\/\/actu.fr\/provence-alpes-cote-d-azur\/bouches-du-rhone_13\" target=\"_blank\" rel=\"noopener\">Bouches-du-Rh\u00f4ne<\/a>, <strong>plusieurs c\u00e9r\u00e9monies<\/strong> sont organis\u00e9es tout au long de la journ\u00e9e.<\/p>\n<p class=\" wall-content\">Dans la cit\u00e9 phoc\u00e9enne, le rendez-vous est donn\u00e9 \u00e0 10h30 au niveau de <strong>la porte d\u2019Aix<\/strong> dans le 3e arrondissement. Le maire (DVG), <a href=\"https:\/\/actu.fr\/tag\/benoit-payan\" target=\"_blank\" rel=\"noopener\">Beno\u00eet Payan<\/a>, sera bien \u00e9videmment pr\u00e9sent.<\/p>\n<p>    <a href=\"https:\/\/www.google.com\/maps\/embed?pb=!1m14!1m8!1m3!1d3376.394698646651!2d5.377789783715747!3d43.29966077062375!3m2!1i1024!2i768!4f13.1!3m3!1m2!1s0x12c9c0953dadd4cd%3A0xa6cba25a55538a03!2sPorte%20d%27Aix!5e0!3m2!1sfr!2sfr!4v1762769175423!5m2!1sfr!2sfr\" title=\"Ouvrie le lien\" target=\"_blank\" rel=\"noopener\">Cliquez ici pour visualiser le contenu<\/a><\/p>\n<p>Les perturbations dans les bus<\/p>\n<p class=\" wall-content\">La pr\u00e9sence de l\u2019\u00e9dile ainsi que de plusieurs autres \u00e9lus va entra\u00eener des perturbations de circulation dans le quartier. <strong>Plusieurs arr\u00eats de bus ne seront ainsi pas desservis<\/strong> toute la matin\u00e9e.<\/p>\n<p class=\" wall-content\">\u00ab\u2009Afin de permettre le bon d\u00e9roulement de cette c\u00e9r\u00e9monie, la RTM s\u2019adapte et modifie le service de ces lignes, mardi 11\u00a0novembre, <strong>de 7h30 \u00e0 12h30\u2009<\/strong>\u00bb, indique la R\u00e9gie des transports m\u00e9tropolitains sur <a href=\"https:\/\/www.rtm.fr\/infos-trafic\/2733851010869733010\" target=\"_blank\" rel=\"noopener\">son site<\/a>.<\/p>\n<p class=\" wall-content\"><strong>Bus 31 et 32<\/strong>\u2009:<\/p>\n<ul class=\" wall-content\">\n<li>Neuf arr\u00eats non desservis en direction de Saint-J\u00e9r\u00f4me IUT, Les Aygalades\u2009: Canebi\u00e8re Bourse, Barbusse Colbert, M\u00e9tro Colbert, M\u00e9tro Jules Guesde, Pelletan Marceau, Place de Strasbourg, Strasbourg Amiens, Strasbourg Desaix et Strasbourg.<\/li>\n<li>Sept arr\u00eats non desservis en direction de Canebi\u00e8re Bourse\u2009: Strasbourg Desaix, Place de Strasbourg, Paris Forbin, M\u00e9tro Jules Guesde, M\u00e9tro Colbert, Barbusse Colbert et Canebi\u00e8re Bourse.<\/li>\n<li>Terminus Canebi\u00e8re Bourse d\u00e9plac\u00e9 \u00e0 R\u00e9form\u00e9s Canebi\u00e8re et d\u00e9viation dans les 2 sens par boulevard Voltaire et boulevard National.<\/li>\n<\/ul>\n<p>Votre r\u00e9gion, votre actu !<\/p>\n<p>Recevez chaque jour les infos qui comptent pour vous.<\/p>\n<p>\t<a href=\"https:\/\/actu.fr\/newsletter\" class=\"ac-btn ac-btn--corner ac-btn--medium ac-btn--blue800\" target=\"_blank\" rel=\"noopener\">S&rsquo;incrire<\/a><\/p>\n<p class=\" wall-content\"><strong>Bus 70<\/strong>\u2009:<\/p>\n<ul class=\" wall-content\">\n<li>Cinq arr\u00eats non desservis en direction de Lyc\u00e9e Saint-Exup\u00e9ry\u2009: Canebi\u00e8re Bourse, Barbusse Colbert, M\u00e9tro Colbert, M\u00e9tro Jules Guesde et Pelletan Marceau.<\/li>\n<li>Quatre arr\u00eats non desservis en direction de Canebi\u00e8re Bourse\u2009: M\u00e9tro Jules Guesde, M\u00e9tro Colbert, Barbusse Colbert et Canebi\u00e8re Bourse.<\/li>\n<li>Terminus Canebi\u00e8re Bourse d\u00e9plac\u00e9 \u00e0 M\u00e9tro Bougainville et d\u00e9viation dans les 2 sens par avenue Roger Salengro et boulevard Ferdinand de Lesseps.<\/li>\n<\/ul>\n<p class=\" wall-content\"><strong>Bus 82S<\/strong>\u2009:<\/p>\n<ul class=\" wall-content\">\n<li>Quatre arr\u00eats non desservis en direction du terminus Gare Saint-Charles\u2009: Dames Schuman, Dames R\u00e9publique, M\u00e9tro Jules Guesde et N\u00e9delec Guesde.<\/li>\n<li>D\u00e9viation par quai du Lazaret, boulevard Mirabeau, boulevard National, boulevard Voltaire, boulevard Maurice Bourdet et avenue G\u00e9n\u00e9ral Leclerc.<\/li>\n<li>Six arr\u00eats non desservis en direction du terminus Pharo Catalans\u2009: Facult\u00e9 Saint-Charles, N\u00e9delec Saint-Charles, N\u00e9delec Guesde, M\u00e9tro Jules Guesde, Dames R\u00e9publique et Hangar J1<\/li>\n<li>D\u00e9viation par rue Honnorat, boulevard National, boulevard Mirabeau, quai d\u2019Arenc, quai du Lazaret et quai de la Joliette.<\/li>\n<\/ul>\n<p class=\" wall-content\"><strong>Bus 89<\/strong>\u2009:<\/p>\n<ul class=\" wall-content\">\n<li>Cinq arr\u00eats non desservis en direction de Le Canet Jean Jaur\u00e8s\u2009: Canebi\u00e8re Bourse, Barbusse Colbert, M\u00e9tro Colbert, M\u00e9tro Jules Guesde et Pelletan Marceau.<\/li>\n<li>Quatre arr\u00eats non desservis en direction de Canebi\u00e8re Bourse\u2009: M\u00e9tro Jules Guesde, M\u00e9tro Colbert, Barbusse Colbert, Canebi\u00e8re Bourse.<\/li>\n<li>Terminus Canebi\u00e8re Bourse d\u00e9plac\u00e9 \u00e0 M\u00e9tro Bougainville avec boucle par la place Marceau et d\u00e9viation dans les deux sens par boulevard de Lesseps et boulevard de Plombi\u00e8res.<\/li>\n<\/ul>\n<p class=\" wall-content\"><strong>Bus 97<\/strong>\u2009:<\/p>\n<ul class=\" wall-content\">\n<li>Cinq arr\u00eats non desservis en direction d\u2019H\u00f4pital Nord\u2009: Canebi\u00e8re Bourse, Barbusse Colbert, M\u00e9tro Colbert, M\u00e9tro Jules Guesde et Pelletan Marceau.<\/li>\n<li>Cinq arr\u00eats non desservis en direction de Canebi\u00e8re Bourse\u2009: Blidah Saint-Lazare, M\u00e9tro Jules Guesde, M\u00e9tro Colbert, Barbusse Colbert, Canebi\u00e8re Bourse.<\/li>\n<li>Terminus Canebi\u00e8re Bourse d\u00e9plac\u00e9 \u00e0 M\u00e9tro Bougainville<\/li>\n<\/ul>\n<p class=\" wall-content\">Personnalisez votre actualit\u00e9 en ajoutant vos villes et m\u00e9dias en favori avec <a href=\"https:\/\/moncompte.actu.fr\" title=\"D\u00e9couvez Mon Actu\" rel=\"nofollow noopener\" data-trk=\"{&quot;cta&quot;:{&quot;action&quot;:&quot;https:\\\/\\\/moncompte.actu.fr&quot;,&quot;category&quot;:&quot;mon compte&quot;,&quot;from&quot;:&quot;article footer&quot;,&quot;name&quot;:&quot;Mon actu&quot;,&quot;type&quot;:&quot;cta&quot;}}\" target=\"_blank\">Mon Actu<\/a>.<\/p>\n","protected":false},"excerpt":{"rendered":"Par Thibault Nadal Publi\u00e9 le 10 nov. 2025 \u00e0 16h46 Ce mardi 11\u00a0novembre 2025 est une journ\u00e9e de&hellip;\n","protected":false},"author":2,"featured_media":156334,"comment_status":"","ping_status":"","sticky":false,"template":"","format":"standard","meta":{"footnotes":""},"categories":[2814],"tags":[1111,11,1777,674,1011,27,884,12,882,25,10783,104,2803],"class_list":{"0":"post-525202","1":"post","2":"type-post","3":"status-publish","4":"format-standard","5":"has-post-thumbnail","7":"category-marseille","8":"tag-actu","9":"tag-actualites","10":"tag-eu","11":"tag-europe","12":"tag-fr","13":"tag-france","14":"tag-marseille","15":"tag-news","16":"tag-provence-alpes-cote-dazur","17":"tag-republique-francaise","18":"tag-rtm","19":"tag-societe","20":"tag-transport"},"share_on_mastodon":{"url":"https:\/\/pubeurope.com\/@fr\/115526239688340973","error":""},"_links":{"self":[{"href":"https:\/\/www.europesays.com\/fr\/wp-json\/wp\/v2\/posts\/525202","targetHints":{"allow":["GET"]}}],"collection":[{"href":"https:\/\/www.europesays.com\/fr\/wp-json\/wp\/v2\/posts"}],"about":[{"href":"https:\/\/www.europesays.com\/fr\/wp-json\/wp\/v2\/types\/post"}],"author":[{"embeddable":true,"href":"https:\/\/www.europesays.com\/fr\/wp-json\/wp\/v2\/users\/2"}],"replies":[{"embeddable":true,"href":"https:\/\/www.europesays.com\/fr\/wp-json\/wp\/v2\/comments?post=525202"}],"version-history":[{"count":0,"href":"https:\/\/www.europesays.com\/fr\/wp-json\/wp\/v2\/posts\/525202\/revisions"}],"wp:featuredmedia":[{"embeddable":true,"href":"https:\/\/www.europesays.com\/fr\/wp-json\/wp\/v2\/media\/156334"}],"wp:attachment":[{"href":"https:\/\/www.europesays.com\/fr\/wp-json\/wp\/v2\/media?parent=525202"}],"wp:term":[{"taxonomy":"category","embeddable":true,"href":"https:\/\/www.europesays.com\/fr\/wp-json\/wp\/v2\/categories?post=525202"},{"taxonomy":"post_tag","embeddable":true,"href":"https:\/\/www.europesays.com\/fr\/wp-json\/wp\/v2\/tags?post=525202"}],"curies":[{"name":"wp","href":"https:\/\/api.w.org\/{rel}","templated":true}]}}