{"id":525203,"date":"2025-11-10T16:03:20","date_gmt":"2025-11-10T16:03:20","guid":{"rendered":"https:\/\/www.europesays.com\/fr\/525203\/"},"modified":"2025-11-10T16:03:20","modified_gmt":"2025-11-10T16:03:20","slug":"le-grand-rendez-vous-europeen-de-lia-sinstalle-a-marseille","status":"publish","type":"post","link":"https:\/\/www.europesays.com\/fr\/525203\/","title":{"rendered":"le grand rendez-vous europ\u00e9en de l&rsquo;IA s&rsquo;installe \u00e0 Marseille"},"content":{"rendered":"<p>L\u2019intelligence artificielle n\u2019est plus une promesse\u00a0: elle redessine d\u00e8s aujourd\u2019hui nos mod\u00e8les \u00e9conomiques, nos organisations et nos modes de vie. \u00c0 Marseille, elle a trouv\u00e9 son forum de r\u00e9f\u00e9rence\u00a0: <a href=\"https:\/\/www.laprovence.com\/article\/region\/3288213806795714\/artificial-intelligence-marseille-comment-l-ia-va-impacter-notre-quotidien-et-nos-metiers\" target=\"_blank\" rel=\"noopener\">Artificial Intelligence Marseille (AIM)<\/a>. Organis\u00e9 par La Tribune (propri\u00e9t\u00e9 de CMA CGM), en partenariat avec la R\u00e9gion Paca et Talan Positive innovation, l\u2019\u00e9v\u00e9nement revient pour une troisi\u00e8me \u00e9dition les 13 et 14\u00a0novembre\u00a02025 \u00e0 l\u2019Orange V\u00e9lodrome, autour d\u2019un th\u00e8me central\u00a0: \u00ab\u00a0Les nouvelles fronti\u00e8res de l\u2019IA \u00ab\u00a0.<\/p>\n<p>En trois ans, AIM s\u2019est impos\u00e9 comme le rendez-vous europ\u00e9en incontournable pour d\u00e9crypter les enjeux \u00e9conomiques, politiques, culturels et soci\u00e9taux li\u00e9s \u00e0 l\u2019intelligence artificielle. Avec plus de 3\u00a0000 participants, 100 intervenants et 60% de d\u00e9cideurs attendus, l\u2019\u00e9dition 2025 r\u00e9unira dirigeants fran\u00e7ais et internationaux, chefs d\u2019entreprise, chercheurs, innovateurs, institutionnels et personnalit\u00e9s politiques engag\u00e9s dans la transformation num\u00e9rique et durable de leurs organisations.<\/p>\n<p>Un forum au c\u0153ur de la transformation<\/p>\n<p>L\u2019objectif est clair\u00a0: comprendre, anticiper et orienter les \u00e9volutions actuelles et futures de<a href=\"https:\/\/www.laprovence.com\/article\/economie\/289268878747614\/provence-ai-l-intelligence-artificielle-marseillaise-pour-reduire-les-lenteurs-administratives\" target=\"_blank\" rel=\"noopener\"> l\u2019intelligence artificielle<\/a>, dans un contexte o\u00f9 la performa&#8230;<\/p>\n","protected":false},"excerpt":{"rendered":"L\u2019intelligence artificielle n\u2019est plus une promesse\u00a0: elle redessine d\u00e8s aujourd\u2019hui nos mod\u00e8les \u00e9conomiques, nos organisations et nos modes&hellip;\n","protected":false},"author":2,"featured_media":525204,"comment_status":"","ping_status":"","sticky":false,"template":"","format":"standard","meta":{"footnotes":""},"categories":[2814],"tags":[17,1111,11,41869,33,1777,674,1011,27,6430,2515,12230,151,884,12,1113,882,12407,25],"class_list":{"0":"post-525203","1":"post","2":"type-post","3":"status-publish","4":"format-standard","5":"has-post-thumbnail","7":"category-marseille","8":"tag-17","9":"tag-actu","10":"tag-actualites","11":"tag-artificielle","12":"tag-economie","13":"tag-eu","14":"tag-europe","15":"tag-fr","16":"tag-france","17":"tag-frontieres","18":"tag-grand","19":"tag-lintelligence","20":"tag-les","21":"tag-marseille","22":"tag-news","23":"tag-nouvelles","24":"tag-provence-alpes-cote-dazur","25":"tag-rendez-vous","26":"tag-republique-francaise"},"share_on_mastodon":{"url":"https:\/\/pubeurope.com\/@fr\/115526251728917371","error":""},"_links":{"self":[{"href":"https:\/\/www.europesays.com\/fr\/wp-json\/wp\/v2\/posts\/525203","targetHints":{"allow":["GET"]}}],"collection":[{"href":"https:\/\/www.europesays.com\/fr\/wp-json\/wp\/v2\/posts"}],"about":[{"href":"https:\/\/www.europesays.com\/fr\/wp-json\/wp\/v2\/types\/post"}],"author":[{"embeddable":true,"href":"https:\/\/www.europesays.com\/fr\/wp-json\/wp\/v2\/users\/2"}],"replies":[{"embeddable":true,"href":"https:\/\/www.europesays.com\/fr\/wp-json\/wp\/v2\/comments?post=525203"}],"version-history":[{"count":0,"href":"https:\/\/www.europesays.com\/fr\/wp-json\/wp\/v2\/posts\/525203\/revisions"}],"wp:featuredmedia":[{"embeddable":true,"href":"https:\/\/www.europesays.com\/fr\/wp-json\/wp\/v2\/media\/525204"}],"wp:attachment":[{"href":"https:\/\/www.europesays.com\/fr\/wp-json\/wp\/v2\/media?parent=525203"}],"wp:term":[{"taxonomy":"category","embeddable":true,"href":"https:\/\/www.europesays.com\/fr\/wp-json\/wp\/v2\/categories?post=525203"},{"taxonomy":"post_tag","embeddable":true,"href":"https:\/\/www.europesays.com\/fr\/wp-json\/wp\/v2\/tags?post=525203"}],"curies":[{"name":"wp","href":"https:\/\/api.w.org\/{rel}","templated":true}]}}