{"id":525217,"date":"2025-11-10T16:11:23","date_gmt":"2025-11-10T16:11:23","guid":{"rendered":"https:\/\/www.europesays.com\/fr\/525217\/"},"modified":"2025-11-10T16:11:23","modified_gmt":"2025-11-10T16:11:23","slug":"the-secrets-of-the-new-ballet-competition","status":"publish","type":"post","link":"https:\/\/www.europesays.com\/fr\/525217\/","title":{"rendered":"The Secrets of the New Ballet Competition"},"content":{"rendered":"<p>\n    For over a century, the Paris Opera Ballet\u2019s internal competition has been a platform for promoting dancers. Abolished last year at the dancers\u2019 request, it returns this year in a new form.<\/p>\n<p class=\"fig-paragraph\">With an average age of 28, the dancers of the Paris Opera Ballet all excel at pirouettes. Last year, they voted to scrap the internal promotion competition, a public event held annually where dancers compete for higher ranks and salaries. They argued it added \u201cstress and pain\u201d to an already busy schedule and called it a \u201cpure anachronism.\u201d No other company in the world practices it, and management could promote dancers without forcing them into an extra demonstration of excellence.<\/p>\n<p class=\"fig-paragraph\">Despite this, the quadrille class \u2014 the company\u2019s lowest rank \u2014 was still forced to participate last year. The competition involved performing a set variation followed by a freestyle variation in front of a jury of ballet dancers, the company director, and the Opera\u2019s director. Management argued it could not promote dancers in November who had only just joined the company and rarely appeared on stage. Other promotions were decided by Jos\u00e9 Martinez in consultation with his ballet masters.<\/p>\n<p class=\"fig-paragraph\">One year later, the competition\u2026<\/p>\n<p class=\"fig-premium-paywall__infos\">\n        Cet article est r\u00e9serv\u00e9 aux abonn\u00e9s.        Il vous reste 83% \u00e0 d\u00e9couvrir.\n    <\/p>\n<p>                <img  data- alt=\"Le Figaro\" class=\"fig-img--complete fig-img\"\/><\/p>\n<p class=\"fig-premium-paywall__title\">Black Friday<\/p>\n<p class=\"fig-premium-paywall__subtitle\">70% off digital subscription<\/p>\n<p class=\"fig-premium-paywall__connect\">\n                D\u00e9j\u00e0 abonn\u00e9\u00a0?                <a class=\"fig-premium-paywall__connect-link\" href=\"https:\/\/connect.lefigaro.fr\/login?client=horizon_web&amp;type=main&amp;redirect_uri=https%3A%2F%2Fwww.lefigaro.fr%2Fen%2Fculture%2Fparis-opera-the-secrets-of-the-new-ballet-competition-20251110\" data-js-gtm=\"{&quot;customCategorie&quot;: &quot;conversion&quot;, &quot;customAction&quot;: &quot;before_Landing_Connexion_paywall_auto&quot;, &quot;customLabel&quot;: &quot;bGVmaWdhcm8uZnJfXzFmMGJhNTMzLTE4NWMtNmMzNi1iODAyLWJiNzQ1NjNmMWY2Ml9fQXJ0aWNsZQ==_Paris Opera: The Secrets of the New Ballet Competition_22&quot;, &quot;customIDSPE&quot;: &quot;bGVmaWdhcm8uZnJfXzFmMGJhNTMzLTE4NWMtNmMzNi1iODAyLWJiNzQ1NjNmMWY2Ml9fQXJ0aWNsZQ==&quot;, &quot;event&quot;: &quot;customEventSPE&quot;}\" target=\"_blank\" rel=\"noopener\"><br \/>\n                    Connectez-vous<br \/>\n                <\/a>\n            <\/p>\n","protected":false},"excerpt":{"rendered":"For over a century, the Paris Opera Ballet\u2019s internal competition has been a platform for promoting dancers. Abolished&hellip;\n","protected":false},"author":2,"featured_media":525218,"comment_status":"","ping_status":"","sticky":false,"template":"","format":"standard","meta":{"footnotes":""},"categories":[1888],"tags":[11,1344,1777,674,1011,27,12,626,25],"class_list":{"0":"post-525217","1":"post","2":"type-post","3":"status-publish","4":"format-standard","5":"has-post-thumbnail","7":"category-paris","8":"tag-actualites","9":"tag-ballet","10":"tag-eu","11":"tag-europe","12":"tag-fr","13":"tag-france","14":"tag-news","15":"tag-paris","16":"tag-republique-francaise"},"share_on_mastodon":{"url":"https:\/\/pubeurope.com\/@fr\/115526283099371534","error":""},"_links":{"self":[{"href":"https:\/\/www.europesays.com\/fr\/wp-json\/wp\/v2\/posts\/525217","targetHints":{"allow":["GET"]}}],"collection":[{"href":"https:\/\/www.europesays.com\/fr\/wp-json\/wp\/v2\/posts"}],"about":[{"href":"https:\/\/www.europesays.com\/fr\/wp-json\/wp\/v2\/types\/post"}],"author":[{"embeddable":true,"href":"https:\/\/www.europesays.com\/fr\/wp-json\/wp\/v2\/users\/2"}],"replies":[{"embeddable":true,"href":"https:\/\/www.europesays.com\/fr\/wp-json\/wp\/v2\/comments?post=525217"}],"version-history":[{"count":0,"href":"https:\/\/www.europesays.com\/fr\/wp-json\/wp\/v2\/posts\/525217\/revisions"}],"wp:featuredmedia":[{"embeddable":true,"href":"https:\/\/www.europesays.com\/fr\/wp-json\/wp\/v2\/media\/525218"}],"wp:attachment":[{"href":"https:\/\/www.europesays.com\/fr\/wp-json\/wp\/v2\/media?parent=525217"}],"wp:term":[{"taxonomy":"category","embeddable":true,"href":"https:\/\/www.europesays.com\/fr\/wp-json\/wp\/v2\/categories?post=525217"},{"taxonomy":"post_tag","embeddable":true,"href":"https:\/\/www.europesays.com\/fr\/wp-json\/wp\/v2\/tags?post=525217"}],"curies":[{"name":"wp","href":"https:\/\/api.w.org\/{rel}","templated":true}]}}